{"id":3767,"date":"2026-02-10T11:38:05","date_gmt":"2026-02-10T10:38:05","guid":{"rendered":"https:\/\/wortgarage.de\/blog\/?p=3767"},"modified":"2026-02-11T10:51:13","modified_gmt":"2026-02-11T09:51:13","slug":"tagessplitter-dienstag-10-februar","status":"publish","type":"post","link":"https:\/\/wortgarage.de\/blog\/2026\/02\/10\/tagessplitter-dienstag-10-februar\/","title":{"rendered":"Tagessplitter, Dienstag 10. Februar"},"content":{"rendered":"<p><img loading=\"lazy\" decoding=\"async\" src=\"http:\/\/wortgarage.de\/blog\/wp-content\/uploads\/2025\/03\/FB_IMG_1580991470253.jpg\" alt=\"\" width=\"542\" height=\"428\" class=\"alignnone size-full wp-image-896\" srcset=\"https:\/\/wortgarage.de\/blog\/wp-content\/uploads\/2025\/03\/FB_IMG_1580991470253.jpg 542w, https:\/\/wortgarage.de\/blog\/wp-content\/uploads\/2025\/03\/FB_IMG_1580991470253-300x237.jpg 300w, https:\/\/wortgarage.de\/blog\/wp-content\/uploads\/2025\/03\/FB_IMG_1580991470253-76x60.jpg 76w\" sizes=\"auto, (max-width: 542px) 100vw, 542px\" \/><br \/>\nSch\u00f6ne Post heute,<br \/>\nbekam ich von Gaby R\u00fcckert und Ingo Koster. Gaby hat mir ihre neue CD zugeschickt. Ich habe mich sehr gefreut \u00fcber diese CD von R\u00fcckert und Koster mit wundersch\u00f6nen und gef\u00fchlvollen Balladen und Songs der Beiden.<br \/>\nHerzliches Dankesch\u00f6n an Gaby und Ingo. Ich habe mich sehr dar\u00fcber gefreut. Das Album lief gestern den ganzen Tag in meinem Auto.<br \/>\n<img loading=\"lazy\" decoding=\"async\" src=\"http:\/\/wortgarage.de\/blog\/wp-content\/uploads\/2026\/02\/IMG_20260210_112711125_MF_PORTRAIT2-scaled.jpg\" alt=\"\" width=\"2560\" height=\"2311\" class=\"alignnone size-full wp-image-3768\" srcset=\"https:\/\/wortgarage.de\/blog\/wp-content\/uploads\/2026\/02\/IMG_20260210_112711125_MF_PORTRAIT2-scaled.jpg 2560w, https:\/\/wortgarage.de\/blog\/wp-content\/uploads\/2026\/02\/IMG_20260210_112711125_MF_PORTRAIT2-300x271.jpg 300w, https:\/\/wortgarage.de\/blog\/wp-content\/uploads\/2026\/02\/IMG_20260210_112711125_MF_PORTRAIT2-1024x924.jpg 1024w, https:\/\/wortgarage.de\/blog\/wp-content\/uploads\/2026\/02\/IMG_20260210_112711125_MF_PORTRAIT2-768x693.jpg 768w, https:\/\/wortgarage.de\/blog\/wp-content\/uploads\/2026\/02\/IMG_20260210_112711125_MF_PORTRAIT2-1536x1386.jpg 1536w, https:\/\/wortgarage.de\/blog\/wp-content\/uploads\/2026\/02\/IMG_20260210_112711125_MF_PORTRAIT2-2048x1848.jpg 2048w, https:\/\/wortgarage.de\/blog\/wp-content\/uploads\/2026\/02\/IMG_20260210_112711125_MF_PORTRAIT2-66x60.jpg 66w\" sizes=\"auto, (max-width: 2560px) 100vw, 2560px\" \/><\/p>\n","protected":false},"excerpt":{"rendered":"<p>Sch\u00f6ne Post heute, bekam ich von Gaby R\u00fcckert und Ingo Koster. Gaby hat mir ihre neue CD zugeschickt. Ich habe mich sehr gefreut \u00fcber diese CD von R\u00fcckert und Koster mit wundersch\u00f6nen und gef\u00fchlvollen Balladen und Songs der Beiden. Herzliches Dankesch\u00f6n an Gaby und Ingo. Ich habe mich sehr dar\u00fcber gefreut. Das Album lief gestern [&hellip;]<\/p>\n","protected":false},"author":1,"featured_media":0,"comment_status":"open","ping_status":"open","sticky":false,"template":"","format":"standard","meta":{"_kadence_starter_templates_imported_post":false,"footnotes":""},"categories":[1],"tags":[101],"class_list":["post-3767","post","type-post","status-publish","format-standard","hentry","category-allgemein","tag-tagessplitter"],"_links":{"self":[{"href":"https:\/\/wortgarage.de\/blog\/wp-json\/wp\/v2\/posts\/3767","targetHints":{"allow":["GET"]}}],"collection":[{"href":"https:\/\/wortgarage.de\/blog\/wp-json\/wp\/v2\/posts"}],"about":[{"href":"https:\/\/wortgarage.de\/blog\/wp-json\/wp\/v2\/types\/post"}],"author":[{"embeddable":true,"href":"https:\/\/wortgarage.de\/blog\/wp-json\/wp\/v2\/users\/1"}],"replies":[{"embeddable":true,"href":"https:\/\/wortgarage.de\/blog\/wp-json\/wp\/v2\/comments?post=3767"}],"version-history":[{"count":4,"href":"https:\/\/wortgarage.de\/blog\/wp-json\/wp\/v2\/posts\/3767\/revisions"}],"predecessor-version":[{"id":3774,"href":"https:\/\/wortgarage.de\/blog\/wp-json\/wp\/v2\/posts\/3767\/revisions\/3774"}],"wp:attachment":[{"href":"https:\/\/wortgarage.de\/blog\/wp-json\/wp\/v2\/media?parent=3767"}],"wp:term":[{"taxonomy":"category","embeddable":true,"href":"https:\/\/wortgarage.de\/blog\/wp-json\/wp\/v2\/categories?post=3767"},{"taxonomy":"post_tag","embeddable":true,"href":"https:\/\/wortgarage.de\/blog\/wp-json\/wp\/v2\/tags?post=3767"}],"curies":[{"name":"wp","href":"https:\/\/api.w.org\/{rel}","templated":true}]}}