{"id":3763,"date":"2026-02-10T04:54:03","date_gmt":"2026-02-10T03:54:03","guid":{"rendered":"https:\/\/wortgarage.de\/blog\/?p=3763"},"modified":"2026-02-11T18:36:17","modified_gmt":"2026-02-11T17:36:17","slug":"tagessplitter-vollmond-traeume","status":"publish","type":"post","link":"https:\/\/wortgarage.de\/blog\/2026\/02\/10\/tagessplitter-vollmond-traeume\/","title":{"rendered":"Tagessplitter &#8211; Vollmond Tr\u00e4ume"},"content":{"rendered":"<p><img loading=\"lazy\" decoding=\"async\" class=\"alignnone size-full wp-image-3764\" src=\"http:\/\/wortgarage.de\/blog\/wp-content\/uploads\/2026\/02\/received_1246917364045503.jpeg\" alt=\"\" width=\"1280\" height=\"1280\" srcset=\"https:\/\/wortgarage.de\/blog\/wp-content\/uploads\/2026\/02\/received_1246917364045503.jpeg 1280w, https:\/\/wortgarage.de\/blog\/wp-content\/uploads\/2026\/02\/received_1246917364045503-300x300.jpeg 300w, https:\/\/wortgarage.de\/blog\/wp-content\/uploads\/2026\/02\/received_1246917364045503-1024x1024.jpeg 1024w, https:\/\/wortgarage.de\/blog\/wp-content\/uploads\/2026\/02\/received_1246917364045503-150x150.jpeg 150w, https:\/\/wortgarage.de\/blog\/wp-content\/uploads\/2026\/02\/received_1246917364045503-768x768.jpeg 768w, https:\/\/wortgarage.de\/blog\/wp-content\/uploads\/2026\/02\/received_1246917364045503-60x60.jpeg 60w\" sizes=\"auto, (max-width: 1280px) 100vw, 1280px\" \/><\/p>\n<p>Mondschein Tr\u00e4ume<\/p>\n<p>Ich wollte schon immer mal bei Vollmond auf der Schaukel mit meinem besten Freund Kater Miklas sitzen, nur so f\u00fcr mich in gedankenloser Stille. Leicht bewegt sich die Schaukel und ich bin dem Mond manchmal ein kleines St\u00fcck n\u00e4her und manchmal ein kleines St\u00fcck entr\u00fcckt. Der Mond bringt etwas Licht in die Nacht. Meine kleine Lampe beleuchtet mich und meinen lieben Kater und seine funkelnden Augen. Was will ich mehr in dieser sternenklaren Nacht. So schaue ich ganz entspannt auf den Mond und fl\u00fcstere: &#8222;Lieber Mond, lass bitte meine W\u00fcnsche in Erf\u00fcllung gehen.&#8220; Ein leises Rascheln war seine Antwort.<br \/>\n&#8222;Danke liebster Freund Mond.&#8220;<br \/>\nHeute sitze ich wieder bei Vollmond mit Kater Miklas auf meiner Schaukel und lass mich sanft durch die Nacht bewegen. Gedanken purzeln durch meinen Kopf und bringen wieder Erinnerungen an die Oberfl\u00e4che. Ganz langsam pendelt die Schaukel im Takt der Nacht.<br \/>\nEinfach Mal tr\u00e4umen<br \/>\nDen Alltag vergessen<br \/>\nEine Schaukel bewegt sich sanft in den B\u00e4umen<br \/>\nVon Kindheitstr\u00e4umen besessen.<br \/>\nEinfach Mal fliegen<br \/>\nMit Erinnerungen durch die Welt<br \/>\nIm Sandkasten noch einmal den Kuchen sieben<br \/>\nErinnerungen kosten kein Geld<br \/>\nEinfach Mal unendlich lachen<br \/>\nWir lachen doch viel zu selten<br \/>\nVerr\u00fcckte Sachen einfach Mal machen<br \/>\nGenau wie im Traum unsere Helden.<br \/>\nEinfach Mal leben<br \/>\nUnser Leben ist sowieso viel zu kurz<br \/>\nDauerhaft Gl\u00fcck erstreben<br \/>\nSteilflug statt unendlicher Sturz.<br \/>\nDer Mond l\u00e4chelt wieder sanft zu mir herunter und spricht:&#8220;Tr\u00e4ume bitte weiter, du bist fast am Ziel deiner Tr\u00e4ume angekommen. Aber Tr\u00e4ume sind auch ein ganz sch\u00f6n hartes St\u00fcck Arbeit, aber sie bringen dich dir selbst viel n\u00e4her wie du denkst.<br \/>\nDie Traumerf\u00fcllung ist eine der sch\u00f6nsten Dinge, die sich vor dir ausbreiten und die Gl\u00fcckshormone durch deinen K\u00f6rper sich bewegen und vor lauter Gl\u00fcck Purzelb\u00e4ume schlage. Ich l\u00e4chelte ganz lieb und sanft in Richtung Vollmond und sagte wieder:&#8220; Danke lieber Mond&#8220;<\/p>\n<p>\u00a9 J\u00fcrgen R\u00fcstau<\/p>\n","protected":false},"excerpt":{"rendered":"<p>Mondschein Tr\u00e4ume Ich wollte schon immer mal bei Vollmond auf der Schaukel mit meinem besten Freund Kater Miklas sitzen, nur so f\u00fcr mich in gedankenloser Stille. Leicht bewegt sich die Schaukel und ich bin dem Mond manchmal ein kleines St\u00fcck n\u00e4her und manchmal ein kleines St\u00fcck entr\u00fcckt. Der Mond bringt etwas Licht in die Nacht. [&hellip;]<\/p>\n","protected":false},"author":1,"featured_media":0,"comment_status":"open","ping_status":"open","sticky":false,"template":"","format":"standard","meta":{"_kadence_starter_templates_imported_post":false,"footnotes":""},"categories":[1],"tags":[],"class_list":["post-3763","post","type-post","status-publish","format-standard","hentry","category-allgemein"],"_links":{"self":[{"href":"https:\/\/wortgarage.de\/blog\/wp-json\/wp\/v2\/posts\/3763","targetHints":{"allow":["GET"]}}],"collection":[{"href":"https:\/\/wortgarage.de\/blog\/wp-json\/wp\/v2\/posts"}],"about":[{"href":"https:\/\/wortgarage.de\/blog\/wp-json\/wp\/v2\/types\/post"}],"author":[{"embeddable":true,"href":"https:\/\/wortgarage.de\/blog\/wp-json\/wp\/v2\/users\/1"}],"replies":[{"embeddable":true,"href":"https:\/\/wortgarage.de\/blog\/wp-json\/wp\/v2\/comments?post=3763"}],"version-history":[{"count":6,"href":"https:\/\/wortgarage.de\/blog\/wp-json\/wp\/v2\/posts\/3763\/revisions"}],"predecessor-version":[{"id":3777,"href":"https:\/\/wortgarage.de\/blog\/wp-json\/wp\/v2\/posts\/3763\/revisions\/3777"}],"wp:attachment":[{"href":"https:\/\/wortgarage.de\/blog\/wp-json\/wp\/v2\/media?parent=3763"}],"wp:term":[{"taxonomy":"category","embeddable":true,"href":"https:\/\/wortgarage.de\/blog\/wp-json\/wp\/v2\/categories?post=3763"},{"taxonomy":"post_tag","embeddable":true,"href":"https:\/\/wortgarage.de\/blog\/wp-json\/wp\/v2\/tags?post=3763"}],"curies":[{"name":"wp","href":"https:\/\/api.w.org\/{rel}","templated":true}]}}