{"id":3759,"date":"2026-02-07T13:32:30","date_gmt":"2026-02-07T12:32:30","guid":{"rendered":"https:\/\/wortgarage.de\/blog\/?p=3759"},"modified":"2026-02-07T13:32:30","modified_gmt":"2026-02-07T12:32:30","slug":"tagessplitter-am-samstag-7-2","status":"publish","type":"post","link":"https:\/\/wortgarage.de\/blog\/2026\/02\/07\/tagessplitter-am-samstag-7-2\/","title":{"rendered":"Tagessplitter am Samstag, 7.2."},"content":{"rendered":"<p>Mahlzeit liebe Welt,<\/p>\n<p>heute habe ich den Tag erst einmal zum Mittag beginnen lassen. Wirklich sch\u00f6ne Tr\u00e4ume haben mich heute ans Bett gefesselt und nicht aufstehen lassen. Ich habe es genossen. Dann habe ich mir einen kr\u00e4ftigen Kaffee gemacht. Da der Tag so gut begann, machte ich mir auch gleich ein gutes Mittagessen. H\u00e4hnchen Fleisch in Streifen schneiden und ein z\u00fcnftiges Geschnetzeltes kochen. Kartoffeln sch\u00e4len und Salzkartoffeln kochen. Dann den leckeren spanischen Broccoli kurz d\u00e4mpfen und das Mittagessen ist fertig. Nur noch anrichten und genie\u00dfen.<br \/>\nDa der Tag so gut begann ist doch bestimmt noch Zeit f\u00fcr ein St\u00fcndchen Mittagsschlaf. Ich liebe solche Tage.<br \/>\nEuch auch einen sch\u00f6nen gem\u00fctlichen Sonntag!<\/p>\n<p><img loading=\"lazy\" decoding=\"async\" class=\"alignnone size-full wp-image-3760\" src=\"http:\/\/wortgarage.de\/blog\/wp-content\/uploads\/2026\/02\/IMG_20260207_1250225342-scaled.jpg\" alt=\"\" width=\"2560\" height=\"2237\" srcset=\"https:\/\/wortgarage.de\/blog\/wp-content\/uploads\/2026\/02\/IMG_20260207_1250225342-scaled.jpg 2560w, https:\/\/wortgarage.de\/blog\/wp-content\/uploads\/2026\/02\/IMG_20260207_1250225342-300x262.jpg 300w, https:\/\/wortgarage.de\/blog\/wp-content\/uploads\/2026\/02\/IMG_20260207_1250225342-1024x895.jpg 1024w, https:\/\/wortgarage.de\/blog\/wp-content\/uploads\/2026\/02\/IMG_20260207_1250225342-768x671.jpg 768w, https:\/\/wortgarage.de\/blog\/wp-content\/uploads\/2026\/02\/IMG_20260207_1250225342-1536x1342.jpg 1536w, https:\/\/wortgarage.de\/blog\/wp-content\/uploads\/2026\/02\/IMG_20260207_1250225342-2048x1790.jpg 2048w, https:\/\/wortgarage.de\/blog\/wp-content\/uploads\/2026\/02\/IMG_20260207_1250225342-69x60.jpg 69w\" sizes=\"auto, (max-width: 2560px) 100vw, 2560px\" \/><\/p>\n","protected":false},"excerpt":{"rendered":"<p>Mahlzeit liebe Welt, heute habe ich den Tag erst einmal zum Mittag beginnen lassen. Wirklich sch\u00f6ne Tr\u00e4ume haben mich heute ans Bett gefesselt und nicht aufstehen lassen. Ich habe es genossen. Dann habe ich mir einen kr\u00e4ftigen Kaffee gemacht. Da der Tag so gut begann, machte ich mir auch gleich ein gutes Mittagessen. H\u00e4hnchen Fleisch [&hellip;]<\/p>\n","protected":false},"author":1,"featured_media":0,"comment_status":"open","ping_status":"open","sticky":false,"template":"","format":"standard","meta":{"_kadence_starter_templates_imported_post":false,"footnotes":""},"categories":[1],"tags":[101],"class_list":["post-3759","post","type-post","status-publish","format-standard","hentry","category-allgemein","tag-tagessplitter"],"_links":{"self":[{"href":"https:\/\/wortgarage.de\/blog\/wp-json\/wp\/v2\/posts\/3759","targetHints":{"allow":["GET"]}}],"collection":[{"href":"https:\/\/wortgarage.de\/blog\/wp-json\/wp\/v2\/posts"}],"about":[{"href":"https:\/\/wortgarage.de\/blog\/wp-json\/wp\/v2\/types\/post"}],"author":[{"embeddable":true,"href":"https:\/\/wortgarage.de\/blog\/wp-json\/wp\/v2\/users\/1"}],"replies":[{"embeddable":true,"href":"https:\/\/wortgarage.de\/blog\/wp-json\/wp\/v2\/comments?post=3759"}],"version-history":[{"count":1,"href":"https:\/\/wortgarage.de\/blog\/wp-json\/wp\/v2\/posts\/3759\/revisions"}],"predecessor-version":[{"id":3761,"href":"https:\/\/wortgarage.de\/blog\/wp-json\/wp\/v2\/posts\/3759\/revisions\/3761"}],"wp:attachment":[{"href":"https:\/\/wortgarage.de\/blog\/wp-json\/wp\/v2\/media?parent=3759"}],"wp:term":[{"taxonomy":"category","embeddable":true,"href":"https:\/\/wortgarage.de\/blog\/wp-json\/wp\/v2\/categories?post=3759"},{"taxonomy":"post_tag","embeddable":true,"href":"https:\/\/wortgarage.de\/blog\/wp-json\/wp\/v2\/tags?post=3759"}],"curies":[{"name":"wp","href":"https:\/\/api.w.org\/{rel}","templated":true}]}}