{"id":3750,"date":"2026-02-06T10:29:06","date_gmt":"2026-02-06T09:29:06","guid":{"rendered":"https:\/\/wortgarage.de\/blog\/?p=3750"},"modified":"2026-02-06T12:18:23","modified_gmt":"2026-02-06T11:18:23","slug":"tagessplitter-am-6-februar","status":"publish","type":"post","link":"https:\/\/wortgarage.de\/blog\/2026\/02\/06\/tagessplitter-am-6-februar\/","title":{"rendered":"Tagessplitter am 6. Februar"},"content":{"rendered":"<p><img loading=\"lazy\" decoding=\"async\" class=\"alignnone size-full wp-image-3751\" src=\"http:\/\/wortgarage.de\/blog\/wp-content\/uploads\/2026\/02\/20160927_094942-scaled.jpg\" alt=\"\" width=\"2560\" height=\"1440\" srcset=\"https:\/\/wortgarage.de\/blog\/wp-content\/uploads\/2026\/02\/20160927_094942-scaled.jpg 2560w, https:\/\/wortgarage.de\/blog\/wp-content\/uploads\/2026\/02\/20160927_094942-300x169.jpg 300w, https:\/\/wortgarage.de\/blog\/wp-content\/uploads\/2026\/02\/20160927_094942-1024x576.jpg 1024w, https:\/\/wortgarage.de\/blog\/wp-content\/uploads\/2026\/02\/20160927_094942-768x432.jpg 768w, https:\/\/wortgarage.de\/blog\/wp-content\/uploads\/2026\/02\/20160927_094942-1536x864.jpg 1536w, https:\/\/wortgarage.de\/blog\/wp-content\/uploads\/2026\/02\/20160927_094942-2048x1152.jpg 2048w, https:\/\/wortgarage.de\/blog\/wp-content\/uploads\/2026\/02\/20160927_094942-107x60.jpg 107w\" sizes=\"auto, (max-width: 2560px) 100vw, 2560px\" \/><\/p>\n<p style=\"text-align: center;\"><span style=\"color: #808080;\"><strong>Elfchen zum Freitag:<\/strong><\/span><\/p>\n<p style=\"text-align: center;\"><span style=\"color: #808080;\"><strong>&#8222;Nebelschwaden<\/strong><\/span><\/p>\n<p style=\"text-align: center;\"><span style=\"color: #808080;\"><strong>verdecken sichtbare<\/strong><\/span><\/p>\n<p style=\"text-align: center;\"><span style=\"color: #808080;\"><strong>Welt und Natur.<\/strong><\/span><\/p>\n<p style=\"text-align: center;\"><span style=\"color: #808080;\"><strong>Unser Blick findet keine\u00a0<\/strong><\/span><\/p>\n<p style=\"text-align: center;\"><span style=\"color: #808080;\"><strong>Klarheit!&#8220;<\/strong><\/span><\/p>\n<p>&nbsp;<\/p>\n<p><span style=\"color: #808080;\">Guten Morgen Welt,<\/span><\/p>\n<p><span style=\"color: #808080;\">die Weite, welche ich in meiner luftigen H\u00f6he, aus meinem Fenster betrachten kann, ist heute stark eingeschr\u00e4nkt. Die vielen kleinen Einfamilienh\u00e4user, die B\u00e4ume, die Wiese in der Ferne, selbst die Stra\u00dfenbahnlinie 15 verschwinden hinter den Nebelschwaden. Es ist heute alles nebul\u00f6s. Das ist nicht weiter schlimm, denn in diesem Zustand befindet sich die Politik schon seit einem Jahr. Ohne der Zuversicht das der Nebel sich aufkl\u00e4rt. Entgegengesetzt zu dem habe ich die Zuversicht das die Sonne schon bald wieder scheint. Diese Erleuchtung bringt mir die politische Lage nicht. Der sonnige M\u00e4rz wird bald kommen. Anderseits bringt Merz keine Erleuchtung in die politische Lage. Schade eigentlich! Wir h\u00e4tten da doch etwas mehr Klarheit nach der nebul\u00f6sen Zeit gebraucht. Ich hoffe M\u00e4rz und Merz werden diese bringen&#8230;<\/span><\/p>\n<p style=\"text-align: center;\"><span style=\"color: #808080;\">Im Nebel<\/span><\/p>\n<p style=\"text-align: center;\"><span style=\"color: #808080;\">Seltsam, im Nebel zu wandern!<\/span><br \/>\n<span style=\"color: #808080;\">Einsam ist jeder Busch und Stein,<\/span><br \/>\n<span style=\"color: #808080;\">Kein Baum sieht den andern,<\/span><br \/>\n<span style=\"color: #808080;\">Jeder ist allein.<\/span><\/p>\n<p style=\"text-align: center;\"><span style=\"color: #808080;\">Voll von Freunden war mir die Welt,<\/span><br \/>\n<span style=\"color: #808080;\">Als noch mein Leben licht war;<\/span><br \/>\n<span style=\"color: #808080;\">Nun, da der Nebel f\u00e4llt,<\/span><br \/>\n<span style=\"color: #808080;\">Ist keiner mehr sichtbar.<\/span><\/p>\n<p style=\"text-align: center;\"><span style=\"color: #808080;\">Wahrlich, keiner ist weise,<\/span><br \/>\n<span style=\"color: #808080;\">Der nicht das Dunkel kennt,<\/span><br \/>\n<span style=\"color: #808080;\">Das unentrinnbar und leise<\/span><br \/>\n<span style=\"color: #808080;\">Von allen ihn trennt.<\/span><\/p>\n<p style=\"text-align: center;\"><span style=\"color: #808080;\">Seltsam, im Nebel zu wandern!<\/span><br \/>\n<span style=\"color: #808080;\">Leben ist Einsamsein.<\/span><br \/>\n<span style=\"color: #808080;\">Kein Mensch kennt den andern,<\/span><br \/>\n<span style=\"color: #808080;\">Jeder ist allein.<\/span><\/p>\n<p style=\"text-align: center;\"><span style=\"color: #808080;\">Hermann Hesse<\/span><\/p>\n<p>&nbsp;<\/p>\n","protected":false},"excerpt":{"rendered":"<p>Elfchen zum Freitag: &#8222;Nebelschwaden verdecken sichtbare Welt und Natur. Unser Blick findet keine\u00a0 Klarheit!&#8220; &nbsp; Guten Morgen Welt, die Weite, welche ich in meiner luftigen H\u00f6he, aus meinem Fenster betrachten kann, ist heute stark eingeschr\u00e4nkt. Die vielen kleinen Einfamilienh\u00e4user, die B\u00e4ume, die Wiese in der Ferne, selbst die Stra\u00dfenbahnlinie 15 verschwinden hinter den Nebelschwaden. Es [&hellip;]<\/p>\n","protected":false},"author":1,"featured_media":0,"comment_status":"open","ping_status":"open","sticky":false,"template":"","format":"standard","meta":{"_kadence_starter_templates_imported_post":false,"footnotes":""},"categories":[1],"tags":[101],"class_list":["post-3750","post","type-post","status-publish","format-standard","hentry","category-allgemein","tag-tagessplitter"],"_links":{"self":[{"href":"https:\/\/wortgarage.de\/blog\/wp-json\/wp\/v2\/posts\/3750","targetHints":{"allow":["GET"]}}],"collection":[{"href":"https:\/\/wortgarage.de\/blog\/wp-json\/wp\/v2\/posts"}],"about":[{"href":"https:\/\/wortgarage.de\/blog\/wp-json\/wp\/v2\/types\/post"}],"author":[{"embeddable":true,"href":"https:\/\/wortgarage.de\/blog\/wp-json\/wp\/v2\/users\/1"}],"replies":[{"embeddable":true,"href":"https:\/\/wortgarage.de\/blog\/wp-json\/wp\/v2\/comments?post=3750"}],"version-history":[{"count":7,"href":"https:\/\/wortgarage.de\/blog\/wp-json\/wp\/v2\/posts\/3750\/revisions"}],"predecessor-version":[{"id":3758,"href":"https:\/\/wortgarage.de\/blog\/wp-json\/wp\/v2\/posts\/3750\/revisions\/3758"}],"wp:attachment":[{"href":"https:\/\/wortgarage.de\/blog\/wp-json\/wp\/v2\/media?parent=3750"}],"wp:term":[{"taxonomy":"category","embeddable":true,"href":"https:\/\/wortgarage.de\/blog\/wp-json\/wp\/v2\/categories?post=3750"},{"taxonomy":"post_tag","embeddable":true,"href":"https:\/\/wortgarage.de\/blog\/wp-json\/wp\/v2\/tags?post=3750"}],"curies":[{"name":"wp","href":"https:\/\/api.w.org\/{rel}","templated":true}]}}