{"id":3426,"date":"2026-01-12T11:42:30","date_gmt":"2026-01-12T10:42:30","guid":{"rendered":"https:\/\/wortgarage.de\/blog\/?p=3426"},"modified":"2026-01-12T12:42:13","modified_gmt":"2026-01-12T11:42:13","slug":"tagessplitter-am-12-januar","status":"publish","type":"post","link":"https:\/\/wortgarage.de\/blog\/2026\/01\/12\/tagessplitter-am-12-januar\/","title":{"rendered":"Tagessplitter am 12. Januar"},"content":{"rendered":"<p>Guten Morgen liebe Welt,<\/p>\n<p>ja der Winter, den wir gar nicht so mehr kennen, hat uns fest im Griff. Die Kinder freuen sich, und das ist auch gut so. Wir \u00c4lteren gehen , bedingt durch Gl\u00e4tte und Schnee nur noch sehr vorsichtig, um nicht zu st\u00fcrzen, aus dem Haus. Wir sind also nicht mehr die typischen &#8222;Wintermenschen&#8220;.<br \/>\nUnser Herz, unsere Seele tr\u00e4umt schon von warmen Sonnenstrahlen, von Fr\u00fchling. Auch ich.<br \/>\n<img loading=\"lazy\" decoding=\"async\" class=\"alignnone size-full wp-image-3425\" src=\"http:\/\/wortgarage.de\/blog\/wp-content\/uploads\/2026\/01\/FB_IMG_1768213600457.jpg\" alt=\"\" width=\"512\" height=\"768\" srcset=\"https:\/\/wortgarage.de\/blog\/wp-content\/uploads\/2026\/01\/FB_IMG_1768213600457.jpg 512w, https:\/\/wortgarage.de\/blog\/wp-content\/uploads\/2026\/01\/FB_IMG_1768213600457-200x300.jpg 200w, https:\/\/wortgarage.de\/blog\/wp-content\/uploads\/2026\/01\/FB_IMG_1768213600457-40x60.jpg 40w\" sizes=\"auto, (max-width: 512px) 100vw, 512px\" \/><\/p>\n<p style=\"text-align: center;\"><strong>SCHNEEGL\u00d6CKCHEN<\/strong><\/p>\n<p style=\"text-align: center;\">Der Schnee, der gestern noch in<br \/>\nFl\u00f6ckchen vom Himmel fiel,<\/p>\n<p style=\"text-align: center;\">h\u00e4ngt nun geronnen heut&#8216; als Gl\u00f6ckchen<br \/>\nam zarten Stiel.<\/p>\n<p style=\"text-align: center;\">Schneegl\u00f6ckchen l\u00e4utet: was bedeutet&#8217;s<br \/>\nim stillen Hain?<\/p>\n<p style=\"text-align: center;\">O komm geschwind! Im Haine l\u00e4utet&#8217;s<br \/>\nden Fr\u00fchling ein.<\/p>\n<p style=\"text-align: center;\">O kommt, ihr Bl\u00e4tter, Bl\u00fct&#8216; und Blume,<br \/>\ndie ihr noch tr\u00e4umt,<\/p>\n<p style=\"text-align: center;\">all&#8216; zu des Fr\u00fchlings Heiligtume!<br \/>\nKommt unges\u00e4umt!<\/p>\n<p style=\"text-align: center;\">Friedrich R\u00fcckert<\/p>\n<p>Zum Mittagessen machte ich mir heute etwas ganz Einfaches:<br \/>\nGebratene Bockwurst, K\u00e4se B\u00e4llchen, Rosenkohl und Wedges<br \/>\n<img loading=\"lazy\" decoding=\"async\" src=\"http:\/\/wortgarage.de\/blog\/wp-content\/uploads\/2026\/01\/IMG_20260112_1233497142-scaled.jpg\" alt=\"\" width=\"2560\" height=\"1920\" class=\"alignnone size-full wp-image-3430\" srcset=\"https:\/\/wortgarage.de\/blog\/wp-content\/uploads\/2026\/01\/IMG_20260112_1233497142-scaled.jpg 2560w, https:\/\/wortgarage.de\/blog\/wp-content\/uploads\/2026\/01\/IMG_20260112_1233497142-300x225.jpg 300w, https:\/\/wortgarage.de\/blog\/wp-content\/uploads\/2026\/01\/IMG_20260112_1233497142-1024x768.jpg 1024w, https:\/\/wortgarage.de\/blog\/wp-content\/uploads\/2026\/01\/IMG_20260112_1233497142-768x576.jpg 768w, https:\/\/wortgarage.de\/blog\/wp-content\/uploads\/2026\/01\/IMG_20260112_1233497142-1536x1152.jpg 1536w, https:\/\/wortgarage.de\/blog\/wp-content\/uploads\/2026\/01\/IMG_20260112_1233497142-2048x1536.jpg 2048w, https:\/\/wortgarage.de\/blog\/wp-content\/uploads\/2026\/01\/IMG_20260112_1233497142-80x60.jpg 80w\" sizes=\"auto, (max-width: 2560px) 100vw, 2560px\" \/><\/p>\n","protected":false},"excerpt":{"rendered":"<p>Guten Morgen liebe Welt, ja der Winter, den wir gar nicht so mehr kennen, hat uns fest im Griff. Die Kinder freuen sich, und das ist auch gut so. Wir \u00c4lteren gehen , bedingt durch Gl\u00e4tte und Schnee nur noch sehr vorsichtig, um nicht zu st\u00fcrzen, aus dem Haus. Wir sind also nicht mehr die [&hellip;]<\/p>\n","protected":false},"author":1,"featured_media":0,"comment_status":"open","ping_status":"open","sticky":false,"template":"","format":"standard","meta":{"_kadence_starter_templates_imported_post":false,"footnotes":""},"categories":[1,99],"tags":[100,101],"class_list":["post-3426","post","type-post","status-publish","format-standard","hentry","category-allgemein","category-tagebuch","tag-tagebuch","tag-tagessplitter"],"_links":{"self":[{"href":"https:\/\/wortgarage.de\/blog\/wp-json\/wp\/v2\/posts\/3426","targetHints":{"allow":["GET"]}}],"collection":[{"href":"https:\/\/wortgarage.de\/blog\/wp-json\/wp\/v2\/posts"}],"about":[{"href":"https:\/\/wortgarage.de\/blog\/wp-json\/wp\/v2\/types\/post"}],"author":[{"embeddable":true,"href":"https:\/\/wortgarage.de\/blog\/wp-json\/wp\/v2\/users\/1"}],"replies":[{"embeddable":true,"href":"https:\/\/wortgarage.de\/blog\/wp-json\/wp\/v2\/comments?post=3426"}],"version-history":[{"count":4,"href":"https:\/\/wortgarage.de\/blog\/wp-json\/wp\/v2\/posts\/3426\/revisions"}],"predecessor-version":[{"id":3431,"href":"https:\/\/wortgarage.de\/blog\/wp-json\/wp\/v2\/posts\/3426\/revisions\/3431"}],"wp:attachment":[{"href":"https:\/\/wortgarage.de\/blog\/wp-json\/wp\/v2\/media?parent=3426"}],"wp:term":[{"taxonomy":"category","embeddable":true,"href":"https:\/\/wortgarage.de\/blog\/wp-json\/wp\/v2\/categories?post=3426"},{"taxonomy":"post_tag","embeddable":true,"href":"https:\/\/wortgarage.de\/blog\/wp-json\/wp\/v2\/tags?post=3426"}],"curies":[{"name":"wp","href":"https:\/\/api.w.org\/{rel}","templated":true}]}}