{"id":3373,"date":"2026-01-06T10:53:07","date_gmt":"2026-01-06T09:53:07","guid":{"rendered":"https:\/\/wortgarage.de\/blog\/?p=3373"},"modified":"2026-01-07T08:25:19","modified_gmt":"2026-01-07T07:25:19","slug":"tagessplitter-am-6-januar-2026","status":"publish","type":"post","link":"https:\/\/wortgarage.de\/blog\/2026\/01\/06\/tagessplitter-am-6-januar-2026\/","title":{"rendered":"Tagessplitter am 6. Januar 2026"},"content":{"rendered":"<h2 style=\"text-align: center;\"><span style=\"color: #008000;\"><img loading=\"lazy\" decoding=\"async\" class=\"alignnone size-full wp-image-3375\" src=\"http:\/\/wortgarage.de\/blog\/wp-content\/uploads\/2026\/01\/IMG_20250214_1221431902-scaled.jpg\" alt=\"\" width=\"2560\" height=\"1152\" srcset=\"https:\/\/wortgarage.de\/blog\/wp-content\/uploads\/2026\/01\/IMG_20250214_1221431902-scaled.jpg 2560w, https:\/\/wortgarage.de\/blog\/wp-content\/uploads\/2026\/01\/IMG_20250214_1221431902-300x135.jpg 300w, https:\/\/wortgarage.de\/blog\/wp-content\/uploads\/2026\/01\/IMG_20250214_1221431902-1024x461.jpg 1024w, https:\/\/wortgarage.de\/blog\/wp-content\/uploads\/2026\/01\/IMG_20250214_1221431902-768x346.jpg 768w, https:\/\/wortgarage.de\/blog\/wp-content\/uploads\/2026\/01\/IMG_20250214_1221431902-1536x691.jpg 1536w, https:\/\/wortgarage.de\/blog\/wp-content\/uploads\/2026\/01\/IMG_20250214_1221431902-2048x922.jpg 2048w, https:\/\/wortgarage.de\/blog\/wp-content\/uploads\/2026\/01\/IMG_20250214_1221431902-133x60.jpg 133w\" sizes=\"auto, (max-width: 2560px) 100vw, 2560px\" \/><\/span><br \/>\n<span style=\"color: #008000;\"><strong>Elfchen an diesem kalten Dienstag:<\/strong><\/span><br \/>\n<span style=\"color: #008000;\">&#8222;Herzensk\u00e4lte<\/span><br \/>\n<span style=\"color: #008000;\">bei Menschen<\/span><br \/>\n<span style=\"color: #008000;\">l\u00e4sst Herz gefrieren<\/span><br \/>\n<span style=\"color: #008000;\">gibt aber Menschen Mut<\/span><br \/>\n<span style=\"color: #008000;\">Berlin&#8220;<\/span><\/h2>\n<p><img loading=\"lazy\" decoding=\"async\" class=\"alignnone size-full wp-image-3376\" src=\"http:\/\/wortgarage.de\/blog\/wp-content\/uploads\/2026\/01\/IMG_20240119_134919732_HDR-scaled.jpg\" alt=\"\" width=\"1440\" height=\"2560\" srcset=\"https:\/\/wortgarage.de\/blog\/wp-content\/uploads\/2026\/01\/IMG_20240119_134919732_HDR-scaled.jpg 1440w, https:\/\/wortgarage.de\/blog\/wp-content\/uploads\/2026\/01\/IMG_20240119_134919732_HDR-169x300.jpg 169w, https:\/\/wortgarage.de\/blog\/wp-content\/uploads\/2026\/01\/IMG_20240119_134919732_HDR-576x1024.jpg 576w, https:\/\/wortgarage.de\/blog\/wp-content\/uploads\/2026\/01\/IMG_20240119_134919732_HDR-768x1365.jpg 768w, https:\/\/wortgarage.de\/blog\/wp-content\/uploads\/2026\/01\/IMG_20240119_134919732_HDR-864x1536.jpg 864w, https:\/\/wortgarage.de\/blog\/wp-content\/uploads\/2026\/01\/IMG_20240119_134919732_HDR-1152x2048.jpg 1152w, https:\/\/wortgarage.de\/blog\/wp-content\/uploads\/2026\/01\/IMG_20240119_134919732_HDR-34x60.jpg 34w\" sizes=\"auto, (max-width: 1440px) 100vw, 1440px\" \/><br \/>\n<em>Kirchenruine in Wachau bei Leipzig <\/em><\/p>\n<p>&nbsp;<\/p>\n<p><span style=\"color: #008000;\">Guten Morgen Welt,<\/span><\/p>\n<p><span style=\"color: #008000;\">es ist kalt und die meisten Menschen in unserer Stadt haben zumindest warme Wohnungen und Strom. Anders viele Menschen in Berlin. Hier sind durch einen linksextremen Brandanschlag tausende Menschen ohne Heizung und Strom, was teilweise noch bis Donnerstag anhalten soll. Denken wir an diese Menschen, die schuldlos in diese Situation gekommen sind. Denken wir das unsere warmen Wohnungen nicht f\u00fcr alle Menschen selbstverst\u00e4ndlich sind. Hier muss auch \u00fcber alle betroffenen Menschen neu nachgedacht werden.<\/span><\/p>\n<p style=\"text-align: center;\"><span style=\"color: #008000;\"><strong>Gute Nacht<\/strong><\/span><\/p>\n<p style=\"text-align: center;\"><span style=\"color: #008000;\">Leer gefegte Stra\u00dfen und Gassen<\/span><br \/>\n<span style=\"color: #008000;\">Hier und da schm\u00fcckt ein Lichtschein das Haus<\/span><br \/>\n<span style=\"color: #008000;\">Er f\u00fchlt sich von allen allein gelassen<\/span><br \/>\n<span style=\"color: #008000;\">Nach und nach gehen auch die letzten Lichter aus<\/span><\/p>\n<p style=\"text-align: center;\"><span style=\"color: #008000;\">Nur der Schnee bringt ein wenig Leuchten in die Stadt<\/span><br \/>\n<span style=\"color: #008000;\">Und die K\u00e4lte der Nacht<\/span><br \/>\n<span style=\"color: #008000;\">Schlimm f\u00fcr ihn, der keine Heimat hat<\/span><br \/>\n<span style=\"color: #008000;\">Keine Liebste, die \u00fcber ihn wacht<\/span><\/p>\n<p style=\"text-align: center;\"><span style=\"color: #008000;\">Bleiern legt sich die Dunkelheit \u00fcber die D\u00e4cher<\/span><br \/>\n<span style=\"color: #008000;\">Der Schnee dr\u00fcckend wie ein Leichentuch<\/span><br \/>\n<span style=\"color: #008000;\">Als eiskalter n\u00e4chtlicher R\u00e4cher<\/span><br \/>\n<span style=\"color: #008000;\">W\u00e4rme zu finden wird zum kl\u00e4glichen Versuch<\/span><\/p>\n<p style=\"text-align: center;\"><span style=\"color: #008000;\">Die B\u00fcrger liegen in der W\u00e4rme ihrer Betten<\/span><br \/>\n<span style=\"color: #008000;\">Gedanken an diesen Menschen nicht erbracht<\/span><br \/>\n<span style=\"color: #008000;\">Keine M\u00f6glichkeit ihn irgendwie zu retten<\/span><br \/>\n<span style=\"color: #008000;\">Oh Menschlichkeit, Oh K\u00e4lte, Gute Nacht!<\/span><\/p>\n<p style=\"text-align: center;\"><span style=\"color: #008000;\">\u00a9 J\u00fcrgen R\u00fcstau<\/span><\/p>\n<p><strong>Mein Mittagessen heute:<\/strong><\/p>\n<p><img loading=\"lazy\" decoding=\"async\" class=\"alignnone size-full wp-image-3383\" src=\"http:\/\/wortgarage.de\/blog\/wp-content\/uploads\/2026\/01\/IMG_20260106_1227288092-scaled.jpg\" alt=\"\" width=\"2560\" height=\"2026\" srcset=\"https:\/\/wortgarage.de\/blog\/wp-content\/uploads\/2026\/01\/IMG_20260106_1227288092-scaled.jpg 2560w, https:\/\/wortgarage.de\/blog\/wp-content\/uploads\/2026\/01\/IMG_20260106_1227288092-300x237.jpg 300w, https:\/\/wortgarage.de\/blog\/wp-content\/uploads\/2026\/01\/IMG_20260106_1227288092-1024x811.jpg 1024w, https:\/\/wortgarage.de\/blog\/wp-content\/uploads\/2026\/01\/IMG_20260106_1227288092-768x608.jpg 768w, https:\/\/wortgarage.de\/blog\/wp-content\/uploads\/2026\/01\/IMG_20260106_1227288092-1536x1216.jpg 1536w, https:\/\/wortgarage.de\/blog\/wp-content\/uploads\/2026\/01\/IMG_20260106_1227288092-2048x1621.jpg 2048w, https:\/\/wortgarage.de\/blog\/wp-content\/uploads\/2026\/01\/IMG_20260106_1227288092-76x60.jpg 76w\" sizes=\"auto, (max-width: 2560px) 100vw, 2560px\" \/><\/p>\n<p>Kleine Beefsteak in Pfannengem\u00fcse gegart, Rosenkohl und Salzkartoffeln.<\/p>\n<p>Was sonst noch am 6. Januar wichtig ist&#8230;<br \/>\n<img loading=\"lazy\" decoding=\"async\" class=\"alignnone size-full wp-image-3385\" src=\"http:\/\/wortgarage.de\/blog\/wp-content\/uploads\/2026\/01\/orca-image-1431022055.jpeg.jpeg\" alt=\"\" width=\"800\" height=\"800\" srcset=\"https:\/\/wortgarage.de\/blog\/wp-content\/uploads\/2026\/01\/orca-image-1431022055.jpeg.jpeg 800w, https:\/\/wortgarage.de\/blog\/wp-content\/uploads\/2026\/01\/orca-image-1431022055.jpeg-300x300.jpeg 300w, https:\/\/wortgarage.de\/blog\/wp-content\/uploads\/2026\/01\/orca-image-1431022055.jpeg-150x150.jpeg 150w, https:\/\/wortgarage.de\/blog\/wp-content\/uploads\/2026\/01\/orca-image-1431022055.jpeg-768x768.jpeg 768w, https:\/\/wortgarage.de\/blog\/wp-content\/uploads\/2026\/01\/orca-image-1431022055.jpeg-60x60.jpeg 60w\" sizes=\"auto, (max-width: 800px) 100vw, 800px\" \/><\/p>\n<p>Das Christentum ist eine Weltreligion, die aus dem Judentum hervorging und sich ab dem 4. Jahrzehnt n. Chr. \u00fcber Pal\u00e4stina hinaus ausbreitete. Ihre Anh\u00e4nger werden Christen genannt, die Gesamtheit der Christen wird auch als die Christenheit bezeichnet.<\/p>\n<p>Von zentraler Bedeutung f\u00fcr das Christentum ist Jesus von Nazaret, ein j\u00fcdischer Wanderprediger, der etwa in den Jahren 28\u201330 n. Chr. auftrat und in Jerusalem hingerichtet wurde. Seine J\u00fcnger erkannten gem\u00e4\u00df christlicher Vorstellung in ihm nach seiner Kreuzigung und Auferstehung den Sohn Gottes und den vom Judentum erwarteten Messias. In ihren Bekenntnissen nennen sie ihn Jesus Christus. Der Glaube an ihn ist in den Schriften des Neuen Testaments grundgelegt. Die weitaus meisten Christen glauben an einen Gott (Monotheismus) als eine Trinit\u00e4t, das hei\u00dft eine Wesenseinheit aus Vater, Sohn und Heiligem Geist. Daneben existieren innerhalb des Christentums kleinere antitrinitarische Gruppierungen.<\/p>\n<p>Die zahlreichen Konfessionen bzw. Kirchen innerhalb des Christentums lassen sich in f\u00fcnf Hauptgruppen zusammenfassen: die r\u00f6misch-katholische Kirche, die orthodoxen Kirchen, die protestantischen Kirchen, die anglikanischen Kirchen und die Pfingstbewegung. Mit rund 2,5 Milliarden (2022) Mitgliedern ist das Christentum vor dem Islam (2 Milliarden) und dem Hinduismus (1,2 Milliarden) die weltweit am weitesten verbreitete Religion. (Wikipedia)<\/p>\n","protected":false},"excerpt":{"rendered":"<p>Elfchen an diesem kalten Dienstag: &#8222;Herzensk\u00e4lte bei Menschen l\u00e4sst Herz gefrieren gibt aber Menschen Mut Berlin&#8220; Kirchenruine in Wachau bei Leipzig &nbsp; Guten Morgen Welt, es ist kalt und die meisten Menschen in unserer Stadt haben zumindest warme Wohnungen und Strom. Anders viele Menschen in Berlin. Hier sind durch einen linksextremen Brandanschlag tausende Menschen ohne [&hellip;]<\/p>\n","protected":false},"author":1,"featured_media":0,"comment_status":"open","ping_status":"open","sticky":false,"template":"","format":"standard","meta":{"_kadence_starter_templates_imported_post":false,"footnotes":""},"categories":[1,99],"tags":[100,101],"class_list":["post-3373","post","type-post","status-publish","format-standard","hentry","category-allgemein","category-tagebuch","tag-tagebuch","tag-tagessplitter"],"_links":{"self":[{"href":"https:\/\/wortgarage.de\/blog\/wp-json\/wp\/v2\/posts\/3373","targetHints":{"allow":["GET"]}}],"collection":[{"href":"https:\/\/wortgarage.de\/blog\/wp-json\/wp\/v2\/posts"}],"about":[{"href":"https:\/\/wortgarage.de\/blog\/wp-json\/wp\/v2\/types\/post"}],"author":[{"embeddable":true,"href":"https:\/\/wortgarage.de\/blog\/wp-json\/wp\/v2\/users\/1"}],"replies":[{"embeddable":true,"href":"https:\/\/wortgarage.de\/blog\/wp-json\/wp\/v2\/comments?post=3373"}],"version-history":[{"count":12,"href":"https:\/\/wortgarage.de\/blog\/wp-json\/wp\/v2\/posts\/3373\/revisions"}],"predecessor-version":[{"id":3390,"href":"https:\/\/wortgarage.de\/blog\/wp-json\/wp\/v2\/posts\/3373\/revisions\/3390"}],"wp:attachment":[{"href":"https:\/\/wortgarage.de\/blog\/wp-json\/wp\/v2\/media?parent=3373"}],"wp:term":[{"taxonomy":"category","embeddable":true,"href":"https:\/\/wortgarage.de\/blog\/wp-json\/wp\/v2\/categories?post=3373"},{"taxonomy":"post_tag","embeddable":true,"href":"https:\/\/wortgarage.de\/blog\/wp-json\/wp\/v2\/tags?post=3373"}],"curies":[{"name":"wp","href":"https:\/\/api.w.org\/{rel}","templated":true}]}}