{"id":3360,"date":"2026-01-05T10:28:55","date_gmt":"2026-01-05T09:28:55","guid":{"rendered":"https:\/\/wortgarage.de\/blog\/?p=3360"},"modified":"2026-01-05T13:10:56","modified_gmt":"2026-01-05T12:10:56","slug":"tagessplitter-am-montag","status":"publish","type":"post","link":"https:\/\/wortgarage.de\/blog\/2026\/01\/05\/tagessplitter-am-montag\/","title":{"rendered":"Tagessplitter am Montag"},"content":{"rendered":"<p><img loading=\"lazy\" decoding=\"async\" class=\"alignnone size-full wp-image-3361 alignleft\" src=\"http:\/\/wortgarage.de\/blog\/wp-content\/uploads\/2026\/01\/received_2166589804081083.jpeg\" alt=\"\" width=\"604\" height=\"571\" srcset=\"https:\/\/wortgarage.de\/blog\/wp-content\/uploads\/2026\/01\/received_2166589804081083.jpeg 604w, https:\/\/wortgarage.de\/blog\/wp-content\/uploads\/2026\/01\/received_2166589804081083-300x284.jpeg 300w, https:\/\/wortgarage.de\/blog\/wp-content\/uploads\/2026\/01\/received_2166589804081083-63x60.jpeg 63w\" sizes=\"auto, (max-width: 604px) 100vw, 604px\" \/><br \/>\n<span style=\"color: #008000;\">Guten Morgen Welt,<\/span><br \/>\n<span style=\"color: #008000;\">ich bem\u00fche mich, ohne Frage, sonnig zu denken aber es f\u00e4llt mir wirklich sehr schwer bei den wenigen Sonnenstrahlen, welche vom Himmel kommen, irgend etwas positives darin zu sehen. Also m\u00fcssen wir vom Gem\u00fct aus versuchen sonnig zu denken. Es sollte uns aber nicht so leicht fallen, da die weltlichen Ereignisse uns sehr negativ belasten. Einerseits wird die Begr\u00fc\u00dfung des neuen Jahr in der Schweiz f\u00fcr \u00fcber vierzig jungen Menschen zur Todesfalle. Viele Menschen kamen in der Silvesternacht durch den nicht ordnungsgem\u00e4\u00dfen Gebrauch von privaten Feuerwerk um. Nicht zu vergessen ist der Krieg in der Ukraine, welcher seit drei Jahren tobt und den Menschen jegliche Hoffnung auf Frieden nahm. Letztendlich sitzen viele Menschen bei klirrender K\u00e4lte im Westen von Berlin ohne Heizung und Strom in \u00fcber vierzig tausend Haushalten. Da kann man einfach nicht sonnig denken. All meine Gedanken und Empfindungen bleiben bei den betroffenen Menschen und w\u00fcnschen ihnen alles Gute. F\u00fcr diese Menschen sollten wir sonnig denken!<\/span><\/p>\n<p style=\"text-align: center;\"><span style=\"color: #008000;\"><strong>Elfchen zum Montag:<\/strong><\/span><\/p>\n<p style=\"text-align: center;\"><span style=\"color: #008000;\"><strong>&#8222;Frieden<\/strong><\/span><br \/>\n<span style=\"color: #008000;\"><strong>Weltweite Hoffnung<\/strong><\/span><br \/>\n<span style=\"color: #008000;\"><strong>F\u00fcr alle Menschen<\/strong><\/span><br \/>\n<span style=\"color: #008000;\"><strong>Auf der ganzen Welt<\/strong><\/span><br \/>\n<span style=\"color: #008000;\"><strong>Lebensziel.&#8220;<\/strong><\/span><\/p>\n<p><img loading=\"lazy\" decoding=\"async\" class=\"alignnone size-full wp-image-3369\" src=\"http:\/\/wortgarage.de\/blog\/wp-content\/uploads\/2026\/01\/received_2225677497957625.jpeg\" alt=\"\" width=\"736\" height=\"920\" srcset=\"https:\/\/wortgarage.de\/blog\/wp-content\/uploads\/2026\/01\/received_2225677497957625.jpeg 736w, https:\/\/wortgarage.de\/blog\/wp-content\/uploads\/2026\/01\/received_2225677497957625-240x300.jpeg 240w, https:\/\/wortgarage.de\/blog\/wp-content\/uploads\/2026\/01\/received_2225677497957625-48x60.jpeg 48w\" sizes=\"auto, (max-width: 736px) 100vw, 736px\" \/><\/p>\n<p style=\"text-align: center;\"><span style=\"color: #008080;\">Hoffnung<\/span><\/p>\n<p style=\"text-align: center;\"><span style=\"color: #008080;\">Es reden und tr\u00e4umen die Menschen viel<\/span><br \/>\n<span style=\"color: #008080;\">von bessern k\u00fcnftigen Tagen;<\/span><br \/>\n<span style=\"color: #008080;\">nach einem gl\u00fccklichen, goldenen Ziel<\/span><br \/>\n<span style=\"color: #008080;\">sieht man sie rennen und jagen.<\/span><br \/>\n<span style=\"color: #008080;\">Die Welt wird alt und wird wieder jung,<\/span><br \/>\n<span style=\"color: #008080;\">doch der Mensch hofft immer Verbesserung.<\/span><\/p>\n<p style=\"text-align: center;\"><span style=\"color: #008080;\">Die Hoffnung f\u00fchrt ihn ins Leben ein,<\/span><br \/>\n<span style=\"color: #008080;\">sie umflattert den fr\u00f6hlichen Knaben,<\/span><br \/>\n<span style=\"color: #008080;\">den J\u00fcngling locket ihr Zauberschein,<\/span><br \/>\n<span style=\"color: #008080;\">sie wird mit dem Greis nicht begraben;<\/span><br \/>\n<span style=\"color: #008080;\">denn beschlie\u00dft er im Grabe den m\u00fcden Lauf,<\/span><br \/>\n<span style=\"color: #008080;\">noch am Grabe pflanzt er \u2013 die Hoffnung auf.<\/span><\/p>\n<p style=\"text-align: center;\"><span style=\"color: #008080;\">Es ist kein leerer, schmeichelnder Wahn,<\/span><br \/>\n<span style=\"color: #008080;\">erzeugt im Gehirne des Toren,<\/span><br \/>\n<span style=\"color: #008080;\">im Herzen k\u00fcndet es laut sich an:<\/span><br \/>\n<span style=\"color: #008080;\">zu was Besserm sind wir geboren.<\/span><br \/>\n<span style=\"color: #008080;\">Und was die innere Stimme spricht,<\/span><br \/>\n<span style=\"color: #008080;\">das t\u00e4uscht die hoffende Seele nicht.<\/span><\/p>\n<p style=\"text-align: center;\"><span style=\"color: #008080;\">Friedrich Schiller<\/span><\/p>\n<p><span style=\"color: #008000;\">Zum Mittagessen gab es:<\/span><\/p>\n<p><span style=\"color: #008000;\"><img loading=\"lazy\" decoding=\"async\" class=\"alignnone size-full wp-image-3371\" src=\"http:\/\/wortgarage.de\/blog\/wp-content\/uploads\/2026\/01\/IMG_20260105_125245365_BURST000_COVER2-scaled.jpg\" alt=\"\" width=\"2560\" height=\"2115\" srcset=\"https:\/\/wortgarage.de\/blog\/wp-content\/uploads\/2026\/01\/IMG_20260105_125245365_BURST000_COVER2-scaled.jpg 2560w, https:\/\/wortgarage.de\/blog\/wp-content\/uploads\/2026\/01\/IMG_20260105_125245365_BURST000_COVER2-300x248.jpg 300w, https:\/\/wortgarage.de\/blog\/wp-content\/uploads\/2026\/01\/IMG_20260105_125245365_BURST000_COVER2-1024x846.jpg 1024w, https:\/\/wortgarage.de\/blog\/wp-content\/uploads\/2026\/01\/IMG_20260105_125245365_BURST000_COVER2-768x635.jpg 768w, https:\/\/wortgarage.de\/blog\/wp-content\/uploads\/2026\/01\/IMG_20260105_125245365_BURST000_COVER2-1536x1269.jpg 1536w, https:\/\/wortgarage.de\/blog\/wp-content\/uploads\/2026\/01\/IMG_20260105_125245365_BURST000_COVER2-2048x1692.jpg 2048w, https:\/\/wortgarage.de\/blog\/wp-content\/uploads\/2026\/01\/IMG_20260105_125245365_BURST000_COVER2-73x60.jpg 73w\" sizes=\"auto, (max-width: 2560px) 100vw, 2560px\" \/><\/span><br \/>\n<span style=\"color: #008000;\">Eierkuchen mit Apfelmus und Heidelbeeren<\/span><\/p>\n","protected":false},"excerpt":{"rendered":"<p>Guten Morgen Welt, ich bem\u00fche mich, ohne Frage, sonnig zu denken aber es f\u00e4llt mir wirklich sehr schwer bei den wenigen Sonnenstrahlen, welche vom Himmel kommen, irgend etwas positives darin zu sehen. Also m\u00fcssen wir vom Gem\u00fct aus versuchen sonnig zu denken. Es sollte uns aber nicht so leicht fallen, da die weltlichen Ereignisse uns [&hellip;]<\/p>\n","protected":false},"author":1,"featured_media":0,"comment_status":"open","ping_status":"open","sticky":false,"template":"","format":"standard","meta":{"_kadence_starter_templates_imported_post":false,"footnotes":""},"categories":[99],"tags":[101],"class_list":["post-3360","post","type-post","status-publish","format-standard","hentry","category-tagebuch","tag-tagessplitter"],"_links":{"self":[{"href":"https:\/\/wortgarage.de\/blog\/wp-json\/wp\/v2\/posts\/3360","targetHints":{"allow":["GET"]}}],"collection":[{"href":"https:\/\/wortgarage.de\/blog\/wp-json\/wp\/v2\/posts"}],"about":[{"href":"https:\/\/wortgarage.de\/blog\/wp-json\/wp\/v2\/types\/post"}],"author":[{"embeddable":true,"href":"https:\/\/wortgarage.de\/blog\/wp-json\/wp\/v2\/users\/1"}],"replies":[{"embeddable":true,"href":"https:\/\/wortgarage.de\/blog\/wp-json\/wp\/v2\/comments?post=3360"}],"version-history":[{"count":9,"href":"https:\/\/wortgarage.de\/blog\/wp-json\/wp\/v2\/posts\/3360\/revisions"}],"predecessor-version":[{"id":3372,"href":"https:\/\/wortgarage.de\/blog\/wp-json\/wp\/v2\/posts\/3360\/revisions\/3372"}],"wp:attachment":[{"href":"https:\/\/wortgarage.de\/blog\/wp-json\/wp\/v2\/media?parent=3360"}],"wp:term":[{"taxonomy":"category","embeddable":true,"href":"https:\/\/wortgarage.de\/blog\/wp-json\/wp\/v2\/categories?post=3360"},{"taxonomy":"post_tag","embeddable":true,"href":"https:\/\/wortgarage.de\/blog\/wp-json\/wp\/v2\/tags?post=3360"}],"curies":[{"name":"wp","href":"https:\/\/api.w.org\/{rel}","templated":true}]}}