{"id":3313,"date":"2025-12-23T11:20:13","date_gmt":"2025-12-23T10:20:13","guid":{"rendered":"https:\/\/wortgarage.de\/blog\/?p=3313"},"modified":"2025-12-23T12:35:42","modified_gmt":"2025-12-23T11:35:42","slug":"tagessplitter-am-23-dezember","status":"publish","type":"post","link":"https:\/\/wortgarage.de\/blog\/2025\/12\/23\/tagessplitter-am-23-dezember\/","title":{"rendered":"Tagessplitter am 23. Dezember"},"content":{"rendered":"<p><img loading=\"lazy\" decoding=\"async\" class=\"alignnone size-full wp-image-3314\" src=\"http:\/\/wortgarage.de\/blog\/wp-content\/uploads\/2025\/12\/received_19388741369767152.jpeg\" alt=\"\" width=\"720\" height=\"831\" srcset=\"https:\/\/wortgarage.de\/blog\/wp-content\/uploads\/2025\/12\/received_19388741369767152.jpeg 720w, https:\/\/wortgarage.de\/blog\/wp-content\/uploads\/2025\/12\/received_19388741369767152-260x300.jpeg 260w, https:\/\/wortgarage.de\/blog\/wp-content\/uploads\/2025\/12\/received_19388741369767152-52x60.jpeg 52w\" sizes=\"auto, (max-width: 720px) 100vw, 720px\" \/><\/p>\n<p><span style=\"color: #339966;\"><em>Guten Morgen Welt,<\/em><\/span><\/p>\n<p><span style=\"color: #339966;\"><em>es kommt die Zeit, in der wir alle alles etwas ruhiger angehen lassen sollen. Ein wenig die Dynamik aus dem Leben nehmen. Etwas nachdenklich die n\u00e4chsten Tage genie\u00dfen. Einfach auf uns die Weihnachtszeit wirken lassen. So werde ich mich auch auf dieser Seite etwas zur\u00fcck halten und ein wenig besinnlich durch die Tage schreiten. Ich w\u00fcnsche euch allen eine angenehme Zeit. Kommt gut durch die Feiertage. Ich w\u00fcnsche euch allen ein sch\u00f6nes Weihnachtsfest.<\/em><\/span><br \/>\n<span style=\"color: #339966;\"><em>J\u00fcrgen<\/em><\/span><\/p>\n<p><img loading=\"lazy\" decoding=\"async\" class=\"alignnone size-full wp-image-3315\" src=\"http:\/\/wortgarage.de\/blog\/wp-content\/uploads\/2025\/12\/FB_IMG_1766441518091.jpg\" alt=\"\" width=\"640\" height=\"340\" srcset=\"https:\/\/wortgarage.de\/blog\/wp-content\/uploads\/2025\/12\/FB_IMG_1766441518091.jpg 640w, https:\/\/wortgarage.de\/blog\/wp-content\/uploads\/2025\/12\/FB_IMG_1766441518091-300x159.jpg 300w, https:\/\/wortgarage.de\/blog\/wp-content\/uploads\/2025\/12\/FB_IMG_1766441518091-113x60.jpg 113w\" sizes=\"auto, (max-width: 640px) 100vw, 640px\" \/><\/p>\n<p>Bevor die &#8222;fetten Tage&#8220; beginnen, heute ein gro\u00dfer Salat Teller mit Salaten der Saison, K\u00e4se, gelben Linsen, Lauch, Gurken und Tomaten, Kreiner W\u00fcrstchen, Blaubeeren Dressing und Oliven\u00f6l<br \/>\n<img loading=\"lazy\" decoding=\"async\" src=\"http:\/\/wortgarage.de\/blog\/wp-content\/uploads\/2025\/12\/IMG_20251223_1229581332-scaled.jpg\" alt=\"\" width=\"2547\" height=\"2560\" class=\"alignnone size-full wp-image-3321\" srcset=\"https:\/\/wortgarage.de\/blog\/wp-content\/uploads\/2025\/12\/IMG_20251223_1229581332-scaled.jpg 2547w, https:\/\/wortgarage.de\/blog\/wp-content\/uploads\/2025\/12\/IMG_20251223_1229581332-298x300.jpg 298w, https:\/\/wortgarage.de\/blog\/wp-content\/uploads\/2025\/12\/IMG_20251223_1229581332-1019x1024.jpg 1019w, https:\/\/wortgarage.de\/blog\/wp-content\/uploads\/2025\/12\/IMG_20251223_1229581332-150x150.jpg 150w, https:\/\/wortgarage.de\/blog\/wp-content\/uploads\/2025\/12\/IMG_20251223_1229581332-768x772.jpg 768w, https:\/\/wortgarage.de\/blog\/wp-content\/uploads\/2025\/12\/IMG_20251223_1229581332-1528x1536.jpg 1528w, https:\/\/wortgarage.de\/blog\/wp-content\/uploads\/2025\/12\/IMG_20251223_1229581332-2037x2048.jpg 2037w, https:\/\/wortgarage.de\/blog\/wp-content\/uploads\/2025\/12\/IMG_20251223_1229581332-60x60.jpg 60w\" sizes=\"auto, (max-width: 2547px) 100vw, 2547px\" \/><\/p>\n","protected":false},"excerpt":{"rendered":"<p>Guten Morgen Welt, es kommt die Zeit, in der wir alle alles etwas ruhiger angehen lassen sollen. Ein wenig die Dynamik aus dem Leben nehmen. Etwas nachdenklich die n\u00e4chsten Tage genie\u00dfen. Einfach auf uns die Weihnachtszeit wirken lassen. So werde ich mich auch auf dieser Seite etwas zur\u00fcck halten und ein wenig besinnlich durch die [&hellip;]<\/p>\n","protected":false},"author":1,"featured_media":0,"comment_status":"open","ping_status":"open","sticky":false,"template":"","format":"standard","meta":{"_kadence_starter_templates_imported_post":false,"footnotes":""},"categories":[99],"tags":[100],"class_list":["post-3313","post","type-post","status-publish","format-standard","hentry","category-tagebuch","tag-tagebuch"],"_links":{"self":[{"href":"https:\/\/wortgarage.de\/blog\/wp-json\/wp\/v2\/posts\/3313","targetHints":{"allow":["GET"]}}],"collection":[{"href":"https:\/\/wortgarage.de\/blog\/wp-json\/wp\/v2\/posts"}],"about":[{"href":"https:\/\/wortgarage.de\/blog\/wp-json\/wp\/v2\/types\/post"}],"author":[{"embeddable":true,"href":"https:\/\/wortgarage.de\/blog\/wp-json\/wp\/v2\/users\/1"}],"replies":[{"embeddable":true,"href":"https:\/\/wortgarage.de\/blog\/wp-json\/wp\/v2\/comments?post=3313"}],"version-history":[{"count":6,"href":"https:\/\/wortgarage.de\/blog\/wp-json\/wp\/v2\/posts\/3313\/revisions"}],"predecessor-version":[{"id":3322,"href":"https:\/\/wortgarage.de\/blog\/wp-json\/wp\/v2\/posts\/3313\/revisions\/3322"}],"wp:attachment":[{"href":"https:\/\/wortgarage.de\/blog\/wp-json\/wp\/v2\/media?parent=3313"}],"wp:term":[{"taxonomy":"category","embeddable":true,"href":"https:\/\/wortgarage.de\/blog\/wp-json\/wp\/v2\/categories?post=3313"},{"taxonomy":"post_tag","embeddable":true,"href":"https:\/\/wortgarage.de\/blog\/wp-json\/wp\/v2\/tags?post=3313"}],"curies":[{"name":"wp","href":"https:\/\/api.w.org\/{rel}","templated":true}]}}