{"id":3296,"date":"2025-12-20T11:12:50","date_gmt":"2025-12-20T10:12:50","guid":{"rendered":"https:\/\/wortgarage.de\/blog\/?p=3296"},"modified":"2025-12-20T14:34:58","modified_gmt":"2025-12-20T13:34:58","slug":"tagessplitter-am-20-dezember","status":"publish","type":"post","link":"https:\/\/wortgarage.de\/blog\/2025\/12\/20\/tagessplitter-am-20-dezember\/","title":{"rendered":"Tagessplitter am 20. Dezember"},"content":{"rendered":"<p><img loading=\"lazy\" decoding=\"async\" class=\"alignnone size-large wp-image-3297\" src=\"http:\/\/wortgarage.de\/blog\/wp-content\/uploads\/2025\/12\/IMG_20220201_1718106845-1024x862.jpg\" alt=\"\" width=\"640\" height=\"539\" srcset=\"https:\/\/wortgarage.de\/blog\/wp-content\/uploads\/2025\/12\/IMG_20220201_1718106845-1024x862.jpg 1024w, https:\/\/wortgarage.de\/blog\/wp-content\/uploads\/2025\/12\/IMG_20220201_1718106845-300x252.jpg 300w, https:\/\/wortgarage.de\/blog\/wp-content\/uploads\/2025\/12\/IMG_20220201_1718106845-768x646.jpg 768w, https:\/\/wortgarage.de\/blog\/wp-content\/uploads\/2025\/12\/IMG_20220201_1718106845-71x60.jpg 71w, https:\/\/wortgarage.de\/blog\/wp-content\/uploads\/2025\/12\/IMG_20220201_1718106845.jpg 1421w\" sizes=\"auto, (max-width: 640px) 100vw, 640px\" \/><\/p>\n<p><span style=\"color: #800000;\">Nicht weit weg von meiner Wohnung thront in gro\u00dfer Pracht das Leipziger V\u00f6lkerschlachtdenkmal. Zur Erinnerung an die V\u00f6lkerschlacht 1813 steht dieser 91 Meter hohe Steinkoloss zur Mahnung und Erinnerung auf einem der Felder der V\u00f6lkerschlacht.<\/span><\/p>\n<p><span style=\"color: #800000;\">Guten Morgen Welt,<\/span><br \/>\n<span style=\"color: #800000;\">oft f\u00e4hrt man auf dem Heimweg an diesem Denkmal vorbei. Vor vielen Jahren war ich auch einige Male hinauf gekraxelt. Jetzt erinnert mich das gestrige Foto am Fu\u00dfe des Denkmals. Nun, bis Weihnachten sind es noch vier Tage. Der vierte Advent l\u00e4sst uns noch etwas inne halten und auf die freien Tage einstimmen. Treffen mit der Familie, ruhige, besinnliche Tage. Was uns das Denkmal auferlegt, einfach Mal die Seele baumeln lassen und \u00fcber alles nachdenken.<\/span><\/p>\n<p><img loading=\"lazy\" decoding=\"async\" class=\"alignnone size-large wp-image-3301\" src=\"http:\/\/wortgarage.de\/blog\/wp-content\/uploads\/2025\/12\/IMG_20220210_1537146213-461x1024.jpg\" alt=\"\" width=\"461\" height=\"1024\" srcset=\"https:\/\/wortgarage.de\/blog\/wp-content\/uploads\/2025\/12\/IMG_20220210_1537146213-461x1024.jpg 461w, https:\/\/wortgarage.de\/blog\/wp-content\/uploads\/2025\/12\/IMG_20220210_1537146213-135x300.jpg 135w, https:\/\/wortgarage.de\/blog\/wp-content\/uploads\/2025\/12\/IMG_20220210_1537146213-768x1707.jpg 768w, https:\/\/wortgarage.de\/blog\/wp-content\/uploads\/2025\/12\/IMG_20220210_1537146213-691x1536.jpg 691w, https:\/\/wortgarage.de\/blog\/wp-content\/uploads\/2025\/12\/IMG_20220210_1537146213-922x2048.jpg 922w, https:\/\/wortgarage.de\/blog\/wp-content\/uploads\/2025\/12\/IMG_20220210_1537146213-27x60.jpg 27w, https:\/\/wortgarage.de\/blog\/wp-content\/uploads\/2025\/12\/IMG_20220210_1537146213-scaled.jpg 1152w\" sizes=\"auto, (max-width: 461px) 100vw, 461px\" \/><\/p>\n<p>&nbsp;<\/p>\n<p style=\"text-align: center;\"><em><span style=\"color: #800000;\"><strong>Mittendrin<\/strong><\/span><\/em><\/p>\n<p style=\"text-align: center;\"><em><span style=\"color: #800000;\">Mittelalterliche enge Gassen<\/span><\/em><\/p>\n<p style=\"text-align: center;\"><em><span style=\"color: #800000;\">Bin auf Spurensuche<\/span><\/em><\/p>\n<p style=\"text-align: center;\"><em><span style=\"color: #800000;\">Will meine Seele baumeln lassen<\/span><\/em><\/p>\n<p style=\"text-align: center;\"><em><span style=\"color: #800000;\">Erz\u00e4hle nur du alte Buche<\/span><\/em><\/p>\n<p style=\"text-align: center;\"><em><span style=\"color: #800000;\">Die du stehst am Turm der Zeit<\/span><\/em><\/p>\n<p style=\"text-align: center;\"><em><span style=\"color: #800000;\">Geist geh\u00fcllt im wei\u00dfen Tuche<\/span><\/em><\/p>\n<p style=\"text-align: center;\"><em><span style=\"color: #800000;\">Zur Erinnerung bereit<\/span><\/em><\/p>\n<p style=\"text-align: center;\"><em><span style=\"color: #800000;\">Alte H\u00e4user, alte Mauern<\/span><\/em><\/p>\n<p style=\"text-align: center;\"><em><span style=\"color: #800000;\">Mittendrin die B\u00fcrgersleut<\/span><\/em><\/p>\n<p style=\"text-align: center;\"><em><span style=\"color: #800000;\">Auf dem Felde rackern Bauern.<\/span><\/em><\/p>\n<p style=\"text-align: center;\"><em><span style=\"color: #800000;\">Kopfsteinpflaster in den Stra\u00dfen<\/span><\/em><\/p>\n<p style=\"text-align: center;\"><em><span style=\"color: #800000;\">Tr\u00e4gt mich tr\u00e4umend durch die Stadt<\/span><\/em><\/p>\n<p style=\"text-align: center;\"><em><span style=\"color: #800000;\">Hufger\u00e4usche die man h\u00f6rt, verhallen dort<\/span><\/em><\/p>\n<p style=\"text-align: center;\"><em><span style=\"color: #800000;\">Pferde ruhig auf den Koppeln grasen<\/span><\/em><\/p>\n<p style=\"text-align: center;\"><em><span style=\"color: #800000;\">Ich will niemals von hier fort<\/span><\/em><\/p>\n<p style=\"text-align: center;\"><em><span style=\"color: #800000;\">Ein Kirchturm ragt in den Himmel weit<\/span><\/em><\/p>\n<p style=\"text-align: center;\"><em><span style=\"color: #800000;\">Setzt Zeitzeichen<\/span><\/em><\/p>\n<p style=\"text-align: center;\"><em><span style=\"color: #800000;\">Zur Erinnerung an die Vergangenheit<\/span><\/em><\/p>\n<p style=\"text-align: center;\"><em><span style=\"color: #800000;\">Pers\u00f6nlich stelle ich meine Weichen<\/span><\/em><\/p>\n<p style=\"text-align: center;\"><em><span style=\"color: #800000;\">Lebe hier in der Vergangenheit<\/span><\/em><\/p>\n<p style=\"text-align: center;\"><em><span style=\"color: #800000;\">Hier will ich einfach nur verweilen<\/span><\/em><\/p>\n<p style=\"text-align: center;\"><em><span style=\"color: #800000;\">Um ohne Hast<\/span><\/em><\/p>\n<p style=\"text-align: center;\"><em><span style=\"color: #800000;\">In meine Gegenwart zu eilen.<\/span><\/em><\/p>\n<p style=\"text-align: center;\"><em><span style=\"color: #800000;\">\u00a9 J\u00fcrgen R\u00fcstau\u00a0<\/span><\/em><\/p>\n<p>&nbsp;<\/p>\n<p>Heute gab es zum Mittagessen:<\/p>\n<p>Gebackene K\u00e4se Ecken mit Rosenkohl und Wedges, sowie Kreiner W\u00fcrstchen und Spiegelei<br \/>\n<img loading=\"lazy\" decoding=\"async\" class=\"alignnone size-full wp-image-3304\" src=\"http:\/\/wortgarage.de\/blog\/wp-content\/uploads\/2025\/12\/IMG_20251220_1322066843-scaled.jpg\" alt=\"\" width=\"2560\" height=\"2169\" srcset=\"https:\/\/wortgarage.de\/blog\/wp-content\/uploads\/2025\/12\/IMG_20251220_1322066843-scaled.jpg 2560w, https:\/\/wortgarage.de\/blog\/wp-content\/uploads\/2025\/12\/IMG_20251220_1322066843-300x254.jpg 300w, https:\/\/wortgarage.de\/blog\/wp-content\/uploads\/2025\/12\/IMG_20251220_1322066843-1024x868.jpg 1024w, https:\/\/wortgarage.de\/blog\/wp-content\/uploads\/2025\/12\/IMG_20251220_1322066843-768x651.jpg 768w, https:\/\/wortgarage.de\/blog\/wp-content\/uploads\/2025\/12\/IMG_20251220_1322066843-1536x1302.jpg 1536w, https:\/\/wortgarage.de\/blog\/wp-content\/uploads\/2025\/12\/IMG_20251220_1322066843-2048x1735.jpg 2048w, https:\/\/wortgarage.de\/blog\/wp-content\/uploads\/2025\/12\/IMG_20251220_1322066843-71x60.jpg 71w\" sizes=\"auto, (max-width: 2560px) 100vw, 2560px\" \/><\/p>\n","protected":false},"excerpt":{"rendered":"<p>Nicht weit weg von meiner Wohnung thront in gro\u00dfer Pracht das Leipziger V\u00f6lkerschlachtdenkmal. Zur Erinnerung an die V\u00f6lkerschlacht 1813 steht dieser 91 Meter hohe Steinkoloss zur Mahnung und Erinnerung auf einem der Felder der V\u00f6lkerschlacht. Guten Morgen Welt, oft f\u00e4hrt man auf dem Heimweg an diesem Denkmal vorbei. Vor vielen Jahren war ich auch einige [&hellip;]<\/p>\n","protected":false},"author":1,"featured_media":0,"comment_status":"open","ping_status":"open","sticky":false,"template":"","format":"standard","meta":{"_kadence_starter_templates_imported_post":false,"footnotes":""},"categories":[99],"tags":[100],"class_list":["post-3296","post","type-post","status-publish","format-standard","hentry","category-tagebuch","tag-tagebuch"],"_links":{"self":[{"href":"https:\/\/wortgarage.de\/blog\/wp-json\/wp\/v2\/posts\/3296","targetHints":{"allow":["GET"]}}],"collection":[{"href":"https:\/\/wortgarage.de\/blog\/wp-json\/wp\/v2\/posts"}],"about":[{"href":"https:\/\/wortgarage.de\/blog\/wp-json\/wp\/v2\/types\/post"}],"author":[{"embeddable":true,"href":"https:\/\/wortgarage.de\/blog\/wp-json\/wp\/v2\/users\/1"}],"replies":[{"embeddable":true,"href":"https:\/\/wortgarage.de\/blog\/wp-json\/wp\/v2\/comments?post=3296"}],"version-history":[{"count":7,"href":"https:\/\/wortgarage.de\/blog\/wp-json\/wp\/v2\/posts\/3296\/revisions"}],"predecessor-version":[{"id":3306,"href":"https:\/\/wortgarage.de\/blog\/wp-json\/wp\/v2\/posts\/3296\/revisions\/3306"}],"wp:attachment":[{"href":"https:\/\/wortgarage.de\/blog\/wp-json\/wp\/v2\/media?parent=3296"}],"wp:term":[{"taxonomy":"category","embeddable":true,"href":"https:\/\/wortgarage.de\/blog\/wp-json\/wp\/v2\/categories?post=3296"},{"taxonomy":"post_tag","embeddable":true,"href":"https:\/\/wortgarage.de\/blog\/wp-json\/wp\/v2\/tags?post=3296"}],"curies":[{"name":"wp","href":"https:\/\/api.w.org\/{rel}","templated":true}]}}