{"id":3230,"date":"2025-12-16T10:19:05","date_gmt":"2025-12-16T09:19:05","guid":{"rendered":"https:\/\/wortgarage.de\/blog\/?p=3230"},"modified":"2025-12-16T16:39:14","modified_gmt":"2025-12-16T15:39:14","slug":"3230","status":"publish","type":"post","link":"https:\/\/wortgarage.de\/blog\/2025\/12\/16\/3230\/","title":{"rendered":"Tagessplitter am 16. Dezember"},"content":{"rendered":"<p><img loading=\"lazy\" decoding=\"async\" class=\"alignnone size-full wp-image-3229 alignleft\" src=\"http:\/\/wortgarage.de\/blog\/wp-content\/uploads\/2025\/12\/Screenshot_20250723-133014-834.png\" alt=\"\" width=\"720\" height=\"848\" srcset=\"https:\/\/wortgarage.de\/blog\/wp-content\/uploads\/2025\/12\/Screenshot_20250723-133014-834.png 720w, https:\/\/wortgarage.de\/blog\/wp-content\/uploads\/2025\/12\/Screenshot_20250723-133014-834-255x300.png 255w, https:\/\/wortgarage.de\/blog\/wp-content\/uploads\/2025\/12\/Screenshot_20250723-133014-834-51x60.png 51w\" sizes=\"auto, (max-width: 720px) 100vw, 720px\" \/><span style=\"color: #800000;\">Guten Morgen Welt,<\/span><\/p>\n<p><span style=\"color: #800000;\">wenn man sich so die alten Fotos ansieht merkt man ganz bewusst wie die Zeit an mir und meinen Kindern genagt hat. Mein Sohn hat die 50 \u00fcberschritten, meine Tochter ist auch schon \u00fcber 45. Von mir gar nicht zu reden. So ein Schnappschuss zeigt, die Uhr hat sich gewaltig gedreht. Vor allem, wer hat an der Uhr gedreht? Von den einst kleinen Erdenb\u00fcrger sind gro\u00dfe Menschen geworden, welche selbst eine Familie und Kinder geschaffen haben. Was man an sich selbst auch gemerkt hat. Man merkt auch, man hat alles richtig gemacht. Die Kinder danken es auch. Sie sind Rechtsschaffende Menschen geworden und haben ihren Platz in der Gesellschaft gefunden. Man kann sich also in aller Ruhe zur\u00fcck lehnen mit dem Wissen alles richtig gemacht zu haben. Beide haben ordentliche Berufe erlernt und in diesen auch etwas erreicht. Man kann als Vater mit Stolz zur\u00fcck schauen.<\/span><\/p>\n<p><span style=\"color: #800000;\"><img loading=\"lazy\" decoding=\"async\" class=\"alignnone size-full wp-image-3236\" src=\"http:\/\/wortgarage.de\/blog\/wp-content\/uploads\/2025\/12\/FB_IMG_15434038369013.jpg\" alt=\"\" width=\"640\" height=\"480\" srcset=\"https:\/\/wortgarage.de\/blog\/wp-content\/uploads\/2025\/12\/FB_IMG_15434038369013.jpg 640w, https:\/\/wortgarage.de\/blog\/wp-content\/uploads\/2025\/12\/FB_IMG_15434038369013-300x225.jpg 300w, https:\/\/wortgarage.de\/blog\/wp-content\/uploads\/2025\/12\/FB_IMG_15434038369013-80x60.jpg 80w\" sizes=\"auto, (max-width: 640px) 100vw, 640px\" \/><\/span><br \/>\n<span style=\"color: #800000;\">Auch eine Erinnerung an unseren kleinen Weihnachtsmarkt vor dem caf\u00e9 esprit in Taucha. Hier boten wir \u00fcber Jahre schwedischen Gl\u00fchwein &#8222;Gl\u00f6gg&#8220; und andere schwedische Leckereien an.<\/span><\/p>\n<p>&nbsp;<\/p>\n<p style=\"text-align: center;\"><span style=\"color: #800000;\"><strong>Elfchen am Dienstag eine Woche vor Weihnachten :<\/strong><\/span><\/p>\n<p style=\"text-align: center;\"><em><strong><span style=\"color: #800000;\">&#8222;Weihnachtsleckereien\u00a0<\/span><\/strong><\/em><\/p>\n<p style=\"text-align: center;\"><em><strong><span style=\"color: #800000;\">Gl\u00fchwein, Stollen<\/span><\/strong><\/em><\/p>\n<p style=\"text-align: center;\"><em><strong><span style=\"color: #800000;\">vers\u00fc\u00dfen uns allen<\/span><\/strong><\/em><\/p>\n<p style=\"text-align: center;\"><em><strong><span style=\"color: #800000;\">die sch\u00f6nste Zeit im<\/span><\/strong><\/em><\/p>\n<p style=\"text-align: center;\"><em><strong><span style=\"color: #800000;\">Jahr!&#8220;<\/span><\/strong><\/em><\/p>\n<p><img loading=\"lazy\" decoding=\"async\" class=\"alignnone size-full wp-image-3242\" src=\"http:\/\/wortgarage.de\/blog\/wp-content\/uploads\/2025\/12\/IMG_20251216_1250462812-scaled.jpg\" alt=\"\" width=\"2560\" height=\"2105\" srcset=\"https:\/\/wortgarage.de\/blog\/wp-content\/uploads\/2025\/12\/IMG_20251216_1250462812-scaled.jpg 2560w, https:\/\/wortgarage.de\/blog\/wp-content\/uploads\/2025\/12\/IMG_20251216_1250462812-300x247.jpg 300w, https:\/\/wortgarage.de\/blog\/wp-content\/uploads\/2025\/12\/IMG_20251216_1250462812-1024x842.jpg 1024w, https:\/\/wortgarage.de\/blog\/wp-content\/uploads\/2025\/12\/IMG_20251216_1250462812-768x631.jpg 768w, https:\/\/wortgarage.de\/blog\/wp-content\/uploads\/2025\/12\/IMG_20251216_1250462812-1536x1263.jpg 1536w, https:\/\/wortgarage.de\/blog\/wp-content\/uploads\/2025\/12\/IMG_20251216_1250462812-2048x1684.jpg 2048w, https:\/\/wortgarage.de\/blog\/wp-content\/uploads\/2025\/12\/IMG_20251216_1250462812-73x60.jpg 73w\" sizes=\"auto, (max-width: 2560px) 100vw, 2560px\" \/><\/p>\n<p style=\"text-align: center;\"><span style=\"color: #800000;\">Mittagessen heute:<\/span><br \/>\n<span style=\"color: #800000;\">Curry Wurst mit K\u00e4se B\u00e4llchen, Spinat und Wedges<\/span><\/p>\n<p>Kaffee Zeit<br \/>\n<img loading=\"lazy\" decoding=\"async\" class=\"alignnone size-full wp-image-3249\" src=\"http:\/\/wortgarage.de\/blog\/wp-content\/uploads\/2025\/12\/IMG_20251216_1628217492-scaled.jpg\" alt=\"\" width=\"1873\" height=\"2560\" srcset=\"https:\/\/wortgarage.de\/blog\/wp-content\/uploads\/2025\/12\/IMG_20251216_1628217492-scaled.jpg 1873w, https:\/\/wortgarage.de\/blog\/wp-content\/uploads\/2025\/12\/IMG_20251216_1628217492-219x300.jpg 219w, https:\/\/wortgarage.de\/blog\/wp-content\/uploads\/2025\/12\/IMG_20251216_1628217492-749x1024.jpg 749w, https:\/\/wortgarage.de\/blog\/wp-content\/uploads\/2025\/12\/IMG_20251216_1628217492-768x1050.jpg 768w, https:\/\/wortgarage.de\/blog\/wp-content\/uploads\/2025\/12\/IMG_20251216_1628217492-1124x1536.jpg 1124w, https:\/\/wortgarage.de\/blog\/wp-content\/uploads\/2025\/12\/IMG_20251216_1628217492-1498x2048.jpg 1498w, https:\/\/wortgarage.de\/blog\/wp-content\/uploads\/2025\/12\/IMG_20251216_1628217492-44x60.jpg 44w\" sizes=\"auto, (max-width: 1873px) 100vw, 1873px\" \/><\/p>\n","protected":false},"excerpt":{"rendered":"<p>Guten Morgen Welt, wenn man sich so die alten Fotos ansieht merkt man ganz bewusst wie die Zeit an mir und meinen Kindern genagt hat. Mein Sohn hat die 50 \u00fcberschritten, meine Tochter ist auch schon \u00fcber 45. Von mir gar nicht zu reden. So ein Schnappschuss zeigt, die Uhr hat sich gewaltig gedreht. Vor [&hellip;]<\/p>\n","protected":false},"author":1,"featured_media":0,"comment_status":"open","ping_status":"open","sticky":false,"template":"","format":"video","meta":{"_kadence_starter_templates_imported_post":false,"footnotes":""},"categories":[99],"tags":[100],"class_list":["post-3230","post","type-post","status-publish","format-video","hentry","category-tagebuch","tag-tagebuch","post_format-post-format-video"],"_links":{"self":[{"href":"https:\/\/wortgarage.de\/blog\/wp-json\/wp\/v2\/posts\/3230","targetHints":{"allow":["GET"]}}],"collection":[{"href":"https:\/\/wortgarage.de\/blog\/wp-json\/wp\/v2\/posts"}],"about":[{"href":"https:\/\/wortgarage.de\/blog\/wp-json\/wp\/v2\/types\/post"}],"author":[{"embeddable":true,"href":"https:\/\/wortgarage.de\/blog\/wp-json\/wp\/v2\/users\/1"}],"replies":[{"embeddable":true,"href":"https:\/\/wortgarage.de\/blog\/wp-json\/wp\/v2\/comments?post=3230"}],"version-history":[{"count":19,"href":"https:\/\/wortgarage.de\/blog\/wp-json\/wp\/v2\/posts\/3230\/revisions"}],"predecessor-version":[{"id":3252,"href":"https:\/\/wortgarage.de\/blog\/wp-json\/wp\/v2\/posts\/3230\/revisions\/3252"}],"wp:attachment":[{"href":"https:\/\/wortgarage.de\/blog\/wp-json\/wp\/v2\/media?parent=3230"}],"wp:term":[{"taxonomy":"category","embeddable":true,"href":"https:\/\/wortgarage.de\/blog\/wp-json\/wp\/v2\/categories?post=3230"},{"taxonomy":"post_tag","embeddable":true,"href":"https:\/\/wortgarage.de\/blog\/wp-json\/wp\/v2\/tags?post=3230"}],"curies":[{"name":"wp","href":"https:\/\/api.w.org\/{rel}","templated":true}]}}