{"id":2776,"date":"2025-11-23T10:11:52","date_gmt":"2025-11-23T09:11:52","guid":{"rendered":"https:\/\/wortgarage.de\/blog\/?p=2776"},"modified":"2025-11-23T10:27:45","modified_gmt":"2025-11-23T09:27:45","slug":"wintergelueste","status":"publish","type":"post","link":"https:\/\/wortgarage.de\/blog\/2025\/11\/23\/wintergelueste\/","title":{"rendered":"Wintergel\u00fcste"},"content":{"rendered":"<p><img loading=\"lazy\" decoding=\"async\" class=\"size-medium wp-image-2777 aligncenter\" src=\"http:\/\/wortgarage.de\/blog\/wp-content\/uploads\/2025\/11\/Screenshot_20251123-100317-001-215x300.png\" alt=\"\" width=\"215\" height=\"300\" srcset=\"https:\/\/wortgarage.de\/blog\/wp-content\/uploads\/2025\/11\/Screenshot_20251123-100317-001-215x300.png 215w, https:\/\/wortgarage.de\/blog\/wp-content\/uploads\/2025\/11\/Screenshot_20251123-100317-001-43x60.png 43w, https:\/\/wortgarage.de\/blog\/wp-content\/uploads\/2025\/11\/Screenshot_20251123-100317-001.png 541w\" sizes=\"auto, (max-width: 215px) 100vw, 215px\" \/><\/p>\n<p>Nachdem ich vorgestern im &#8222;A&#8220; Markt zwei Sorten der Winter Edition eines bekannten Marmeladen Herstellers getestet hatte, war ich gestern noch einmal im Markt und entdeckte dort die dritte Sorte:<br \/>\n<strong>&#8222;Kirsche mit L\u00fcbecker Marzipan&#8220;<\/strong>.\u00a0 \u00a0Heute zum Fr\u00fchst\u00fcck getestet. Ergebnis: Sehr lecker, der &#8222;Kufen Flitzer&#8220;.<\/p>\n<p style=\"text-align: center;\"><strong>Ich w\u00fcnsche uns allen eine s\u00fc\u00dfe Winter-Weihnachts-Zeit!<\/strong><\/p>\n<p>Mein Elfchen zum Sonntag:<\/p>\n<p>&nbsp;<\/p>\n<p style=\"text-align: center;\">&#8222;S\u00fc\u00dfe<\/p>\n<p style=\"text-align: center;\">Marmeladen Tr\u00e4ume<\/p>\n<p style=\"text-align: center;\">Fr\u00fchst\u00fcck am Sonntag<\/p>\n<p style=\"text-align: center;\">Heute wieder einmal s\u00fc\u00dfer<\/p>\n<p style=\"text-align: center;\">Tagbeginn&#8220;<\/p>\n<p style=\"text-align: center;\">\n","protected":false},"excerpt":{"rendered":"<p>Nachdem ich vorgestern im &#8222;A&#8220; Markt zwei Sorten der Winter Edition eines bekannten Marmeladen Herstellers getestet hatte, war ich gestern noch einmal im Markt und entdeckte dort die dritte Sorte: &#8222;Kirsche mit L\u00fcbecker Marzipan&#8220;.\u00a0 \u00a0Heute zum Fr\u00fchst\u00fcck getestet. Ergebnis: Sehr lecker, der &#8222;Kufen Flitzer&#8220;. Ich w\u00fcnsche uns allen eine s\u00fc\u00dfe Winter-Weihnachts-Zeit! Mein Elfchen zum Sonntag: [&hellip;]<\/p>\n","protected":false},"author":1,"featured_media":0,"comment_status":"open","ping_status":"open","sticky":false,"template":"","format":"aside","meta":{"_kadence_starter_templates_imported_post":false,"footnotes":""},"categories":[99],"tags":[],"class_list":["post-2776","post","type-post","status-publish","format-aside","hentry","category-tagebuch","post_format-post-format-aside"],"_links":{"self":[{"href":"https:\/\/wortgarage.de\/blog\/wp-json\/wp\/v2\/posts\/2776","targetHints":{"allow":["GET"]}}],"collection":[{"href":"https:\/\/wortgarage.de\/blog\/wp-json\/wp\/v2\/posts"}],"about":[{"href":"https:\/\/wortgarage.de\/blog\/wp-json\/wp\/v2\/types\/post"}],"author":[{"embeddable":true,"href":"https:\/\/wortgarage.de\/blog\/wp-json\/wp\/v2\/users\/1"}],"replies":[{"embeddable":true,"href":"https:\/\/wortgarage.de\/blog\/wp-json\/wp\/v2\/comments?post=2776"}],"version-history":[{"count":7,"href":"https:\/\/wortgarage.de\/blog\/wp-json\/wp\/v2\/posts\/2776\/revisions"}],"predecessor-version":[{"id":2785,"href":"https:\/\/wortgarage.de\/blog\/wp-json\/wp\/v2\/posts\/2776\/revisions\/2785"}],"wp:attachment":[{"href":"https:\/\/wortgarage.de\/blog\/wp-json\/wp\/v2\/media?parent=2776"}],"wp:term":[{"taxonomy":"category","embeddable":true,"href":"https:\/\/wortgarage.de\/blog\/wp-json\/wp\/v2\/categories?post=2776"},{"taxonomy":"post_tag","embeddable":true,"href":"https:\/\/wortgarage.de\/blog\/wp-json\/wp\/v2\/tags?post=2776"}],"curies":[{"name":"wp","href":"https:\/\/api.w.org\/{rel}","templated":true}]}}