{"id":2438,"date":"2025-11-02T07:13:14","date_gmt":"2025-11-02T06:13:14","guid":{"rendered":"https:\/\/wortgarage.de\/blog\/?p=2438"},"modified":"2025-11-02T08:46:10","modified_gmt":"2025-11-02T07:46:10","slug":"thema-der-woche-ich-schreibe-taeglich-ein-elfchen-sonntag","status":"publish","type":"post","link":"https:\/\/wortgarage.de\/blog\/2025\/11\/02\/thema-der-woche-ich-schreibe-taeglich-ein-elfchen-sonntag\/","title":{"rendered":"Thema der Woche &#8211; Ich schreibe t\u00e4glich ein Elfchen: Sonntag"},"content":{"rendered":"<p>Was ist ein Elfchen?<\/p>\n<p>Ein Elfchen ist ein besonderes Gedicht. Es besteht auch aus elf W\u00f6rtern, daher der Name. Die elf W\u00f6rter stehen aber nicht einfach nebeneinander, sondern sind in f\u00fcnf Versen (Gedichtzeilen) angeordnet. Jede Zeile hat eine festgelegte Wortanzahl:<\/p>\n<p>1. Zeile: Ein Wort<\/p>\n<p>2. Zeile: Zwei W\u00f6rter<\/p>\n<p>3. Zeile: Drei W\u00f6rter<\/p>\n<p>4. Zeile: Vier W\u00f6rter<\/p>\n<p>5. Zeile: Ein Wort<\/p>\n<blockquote><p>&nbsp;<\/p><\/blockquote>\n<p>Von Montag (heute) bis zum Sonntag werde ich jeden Tag ein Elfchen verfassen und auf wortgarage.de ver\u00f6ffentlichen.<\/p>\n<p><img loading=\"lazy\" decoding=\"async\" class=\"alignnone size-full wp-image-2445\" src=\"http:\/\/wortgarage.de\/blog\/wp-content\/uploads\/2025\/11\/received_12327998253624812.jpeg\" alt=\"\" width=\"649\" height=\"493\" srcset=\"https:\/\/wortgarage.de\/blog\/wp-content\/uploads\/2025\/11\/received_12327998253624812.jpeg 649w, https:\/\/wortgarage.de\/blog\/wp-content\/uploads\/2025\/11\/received_12327998253624812-300x228.jpeg 300w, https:\/\/wortgarage.de\/blog\/wp-content\/uploads\/2025\/11\/received_12327998253624812-79x60.jpeg 79w\" sizes=\"auto, (max-width: 649px) 100vw, 649px\" \/><\/p>\n<p>&nbsp;<\/p>\n<p style=\"text-align: center;\"><strong>Ein Elfchen am Sonntag:<\/strong><\/p>\n<p style=\"text-align: center;\"><strong>\u201eSonntag<\/strong><\/p>\n<p style=\"text-align: center;\"><strong>Guten Morgen<\/strong><\/p>\n<p style=\"text-align: center;\"><strong>mit einem Fr\u00fchst\u00fcck <\/strong><\/p>\n<p style=\"text-align: center;\"><strong>Genie\u00dfen letzten Tag der<\/strong><\/p>\n<p style=\"text-align: center;\"><strong>Woche&#8220;<\/strong><\/p>\n<p>Dein \u201eElfchen\u201c kannst Du gern in der Kommentarfunktion eintragen! Probiere es bitte<\/p>\n","protected":false},"excerpt":{"rendered":"<p>Was ist ein Elfchen? Ein Elfchen ist ein besonderes Gedicht. Es besteht auch aus elf W\u00f6rtern, daher der Name. Die elf W\u00f6rter stehen aber nicht einfach nebeneinander, sondern sind in f\u00fcnf Versen (Gedichtzeilen) angeordnet. Jede Zeile hat eine festgelegte Wortanzahl: 1. Zeile: Ein Wort 2. Zeile: Zwei W\u00f6rter 3. Zeile: Drei W\u00f6rter 4. Zeile: Vier [&hellip;]<\/p>\n","protected":false},"author":1,"featured_media":0,"comment_status":"open","ping_status":"open","sticky":false,"template":"","format":"standard","meta":{"_kadence_starter_templates_imported_post":false,"footnotes":""},"categories":[1],"tags":[62],"class_list":["post-2438","post","type-post","status-publish","format-standard","hentry","category-allgemein","tag-elfchen"],"_links":{"self":[{"href":"https:\/\/wortgarage.de\/blog\/wp-json\/wp\/v2\/posts\/2438","targetHints":{"allow":["GET"]}}],"collection":[{"href":"https:\/\/wortgarage.de\/blog\/wp-json\/wp\/v2\/posts"}],"about":[{"href":"https:\/\/wortgarage.de\/blog\/wp-json\/wp\/v2\/types\/post"}],"author":[{"embeddable":true,"href":"https:\/\/wortgarage.de\/blog\/wp-json\/wp\/v2\/users\/1"}],"replies":[{"embeddable":true,"href":"https:\/\/wortgarage.de\/blog\/wp-json\/wp\/v2\/comments?post=2438"}],"version-history":[{"count":5,"href":"https:\/\/wortgarage.de\/blog\/wp-json\/wp\/v2\/posts\/2438\/revisions"}],"predecessor-version":[{"id":2446,"href":"https:\/\/wortgarage.de\/blog\/wp-json\/wp\/v2\/posts\/2438\/revisions\/2446"}],"wp:attachment":[{"href":"https:\/\/wortgarage.de\/blog\/wp-json\/wp\/v2\/media?parent=2438"}],"wp:term":[{"taxonomy":"category","embeddable":true,"href":"https:\/\/wortgarage.de\/blog\/wp-json\/wp\/v2\/categories?post=2438"},{"taxonomy":"post_tag","embeddable":true,"href":"https:\/\/wortgarage.de\/blog\/wp-json\/wp\/v2\/tags?post=2438"}],"curies":[{"name":"wp","href":"https:\/\/api.w.org\/{rel}","templated":true}]}}