{"id":1470,"date":"2025-06-21T16:03:22","date_gmt":"2025-06-21T14:03:22","guid":{"rendered":"https:\/\/wortgarage.de\/blog\/?p=1470"},"modified":"2025-06-21T16:19:45","modified_gmt":"2025-06-21T14:19:45","slug":"erlebtes-nachtblues-im-esprit-mit-veronika-fischer","status":"publish","type":"post","link":"https:\/\/wortgarage.de\/blog\/2025\/06\/21\/erlebtes-nachtblues-im-esprit-mit-veronika-fischer\/","title":{"rendered":"Erlebtes &#8211; Nachtblues im esprit mit Veronika Fischer"},"content":{"rendered":"<ul>\n<li><img loading=\"lazy\" decoding=\"async\" class=\"alignnone size-full wp-image-1476 alignleft\" src=\"http:\/\/wortgarage.de\/blog\/wp-content\/uploads\/2025\/06\/Screenshot_20250621-161010-580.png\" alt=\"\" width=\"467\" height=\"363\" srcset=\"https:\/\/wortgarage.de\/blog\/wp-content\/uploads\/2025\/06\/Screenshot_20250621-161010-580.png 467w, https:\/\/wortgarage.de\/blog\/wp-content\/uploads\/2025\/06\/Screenshot_20250621-161010-580-300x233.png 300w, https:\/\/wortgarage.de\/blog\/wp-content\/uploads\/2025\/06\/Screenshot_20250621-161010-580-77x60.png 77w\" sizes=\"auto, (max-width: 467px) 100vw, 467px\" \/><img loading=\"lazy\" decoding=\"async\" class=\"alignnone size-full wp-image-1473\" src=\"http:\/\/wortgarage.de\/blog\/wp-content\/uploads\/2025\/06\/Veronika-Fischer-beim-Talk-in-Taucha-Da-kann-man-so-richtig-relaxen_master_reference.jpg\" alt=\"\" width=\"1920\" height=\"1440\" srcset=\"https:\/\/wortgarage.de\/blog\/wp-content\/uploads\/2025\/06\/Veronika-Fischer-beim-Talk-in-Taucha-Da-kann-man-so-richtig-relaxen_master_reference.jpg 1920w, https:\/\/wortgarage.de\/blog\/wp-content\/uploads\/2025\/06\/Veronika-Fischer-beim-Talk-in-Taucha-Da-kann-man-so-richtig-relaxen_master_reference-300x225.jpg 300w, https:\/\/wortgarage.de\/blog\/wp-content\/uploads\/2025\/06\/Veronika-Fischer-beim-Talk-in-Taucha-Da-kann-man-so-richtig-relaxen_master_reference-1024x768.jpg 1024w, https:\/\/wortgarage.de\/blog\/wp-content\/uploads\/2025\/06\/Veronika-Fischer-beim-Talk-in-Taucha-Da-kann-man-so-richtig-relaxen_master_reference-768x576.jpg 768w, https:\/\/wortgarage.de\/blog\/wp-content\/uploads\/2025\/06\/Veronika-Fischer-beim-Talk-in-Taucha-Da-kann-man-so-richtig-relaxen_master_reference-1536x1152.jpg 1536w, https:\/\/wortgarage.de\/blog\/wp-content\/uploads\/2025\/06\/Veronika-Fischer-beim-Talk-in-Taucha-Da-kann-man-so-richtig-relaxen_master_reference-80x60.jpg 80w\" sizes=\"auto, (max-width: 1920px) 100vw, 1920px\" \/><br \/>\n<em>Veronika Fischer mit Moderator Tobias Meier und J\u00fcrgen R\u00fcstau<\/em><br \/>\nTaucha, 21.9.2010<\/p>\n<li>Mit Veronika Fischer, die im n\u00e4chsten Jahr ihr 40-j\u00e4hriges B\u00fchnenjubil\u00e4um und ihren 60. Geburtstag feiern wird, war eine der erfolgreichsten deutschsprachigen S\u00e4ngerinnen zu Gast in der Tauchaer Blauen Stunde im cafe esprit. Die &#8222;Vroni&#8220; im esprit, das hatte sich kurz nach Bekanntgabe des Termins wie ein Lauffeuer in Taucha herum gesprochen und innerhalb eines Tages waren alle Pl\u00e4tze weg. Dann hatten erstmals die Zuschauer auch die Gelegenheit ihre Fragen direkt an den Gast zu stellen. Dazu lagen Zettel und Stift auf jeden Tisch. F\u00fcr die K\u00fcnstlerin war es wahrscheinlich der kleinste Auftrittsort ihrer Karriere.Moderator Tobias Meier vom gastgebenden Kukuta versuchte einen Spannungsbogen angefangen von der Kindheit von Veronika Fischer, \u00fcber ihre Anfangsjahre in Dresden, ihre erfolgreiche Zeit mit ihrer eigenen Band, ihre Jahre im Westen und nach der Wende zu zeichnen, was ihm auch weitestgehend gelungen ist. Angefangen hatte es f\u00fcr die Vroni, die in einer sehr musikalischen th\u00fcringischen Handwerkerfamilie aufgewachsen ist, in Dresden, wo sie mit 17 ein Studium an der Musikhochschule Carl Maria von Weber aufnahm. Nach ihrer bestandenen Solistenpr\u00fcfung und einigen Auftritten mit der Fred-Herfter-Combo, &#8222;standen pl\u00f6tzlich standen pl\u00f6tzlich alle Bands vor der T\u00fcre und wollten mich abwerben&#8220;. Sie entschied sich zun\u00e4chst f\u00fcr die Stern-Combo Meissen, dann wechselte sie zu Panta Rhei, was ihr nicht leicht gefallen ist, und damit fing nach ihren eigenen Worten der Ernst des Lebens an. Mit Panta Rhei produzierte sie auch ihren ersten Hit &#8222;Nachts&#8220;. Als Franz Bartzsch ihr dann mit &#8222;Blues&#8220; einen weiteren Hit geschrieben hatte, begann ihre sehr erfolgreiche Zusammenarbeit mit dem Komponisten und Musiker. Bartzsch war es auch, der in ihrer der dann in ihrer ersten eigenen Gruppe &#8222;Veronika Fischer &amp; Band&#8220; f\u00fcr die meisten Kompositionen und Arrangements verantwortlich war. &#8222;Eine geniale Zeit&#8220;, sagte sie r\u00fcckblickend dazu. Bartzsch blieb dann 1980 nach einem Auftritt in West-Berlin im Westen, und ihr blieb nichts anderes \u00fcbrig als selbst diesen Schritt zu gehen, zumal ihr ganzes k\u00fcnstlerisches Repertoire und auch ihr Ehemann Laszlo Kleber als auch ihr Sohn bereits im Westen waren. &#8222;Aber bereut habe ich es nicht&#8220;, sagte Fischer. &#8222;Im Westen war der internationale Markt, als nationaler K\u00fcnstler war man da nur das zweite Rad am Wagen&#8220; begr\u00fcndete sie, warum sie im Westen nicht unmittelbar an ihren Ost-Erfolg ankn\u00fcpfen konnte. Trotzdem hat sie einige Alben produziert und nahm sogar 1983 an der deutschen Vorentscheidung zum Eurovision Song Contest teil. &#8222;Aber da ging es nicht um den 1. Platz, sondern darum Platten zu verkaufen&#8220;, erz\u00e4hlte sie dazu, was ihr auch gelungen w\u00e4re. Immerhin 6 Alben hat sie im damals im Westen ver\u00f6ffentlicht, mehr oder wenig erfolgreich. Unmittelbar nach der Mauer\u00f6ffnung hatte sie einen unvergessenen Auftritt in der &#8222;Showkolade&#8220; des DDR-Fernsehens, bevor sie dann sehr erfolgreich mit ihrer Band wieder durch den Osten tourte. Auf die Frage von Tobias Meier, mit welchen Komponisten und Textern sie am liebsten zusammen gearbeit hatte, vielen Namen wie nat\u00fcrlich Franz Bartzsch, aber auch Kurt Demmler, Andreas Bicking, Gerulf Panach und Gisela Steineckert. Der pl\u00f6tzliche Tod von Franz Bartzsch Anfang diesen Jahres hat sie sehr betroffen gemacht. &#8222;F\u00fcr mich ist er immer gegenw\u00e4rtig, ich trage seine Musik weiter&#8220;, sagte sie w\u00f6rtlich dazu. Musikalisch umrahmten Matthias Voigt und Erik Heyner &#8222;Gitarrenbauer trifft Seemann&#8220; mit einigen Liedern aus Vronis Zeit die Veranstaltung.Die vorwiegend weiblichen Zuschauer erlebten einen interessanten Abend und konnten ihre &#8222;Vroni&#8220; mal so hautnah zu erleben. Dennoch h\u00e4tten sie sich gew\u00fcnscht, dass die Vroni ein paar Texte wenigstens mal angesungen h\u00e4tte. Die S\u00e4ngerin sagte dazu &#8222;Vom Band singe ich nicht&#8220; und f\u00fcr einen Pianisten samt Klavier war im cafe esprit nun wirklich kein Platz mehr. Daf\u00fcr hat sie versprochen n\u00e4chstes Jahr &#8211; ihrem Jubil\u00e4umsjahr &#8211; mit einer musikalischen Konzertlesung wieder nach Taucha zu kommen. Die Tauchaer k\u00f6nnen sich schon jetzt darauf freuen.<br \/>\nZur n\u00e4chsten Blauen Stunde am 19. Oktober ist der der Schauspieler Ernst Georg Schwill zu Gast.<br \/>\nBericht IVT. Text und Fotos: Matthias Kudra<\/li>\n<\/ul>\n","protected":false},"excerpt":{"rendered":"<p>Veronika Fischer mit Moderator Tobias Meier und J\u00fcrgen R\u00fcstau Taucha, 21.9.2010 Mit Veronika Fischer, die im n\u00e4chsten Jahr ihr 40-j\u00e4hriges B\u00fchnenjubil\u00e4um und ihren 60. Geburtstag feiern wird, war eine der erfolgreichsten deutschsprachigen S\u00e4ngerinnen zu Gast in der Tauchaer Blauen Stunde im cafe esprit. Die &#8222;Vroni&#8220; im esprit, das hatte sich kurz nach Bekanntgabe des Termins [&hellip;]<\/p>\n","protected":false},"author":1,"featured_media":0,"comment_status":"open","ping_status":"open","sticky":false,"template":"","format":"standard","meta":{"_kadence_starter_templates_imported_post":false,"footnotes":""},"categories":[4],"tags":[39],"class_list":["post-1470","post","type-post","status-publish","format-standard","hentry","category-cafe-esprit-2005-bis-2017","tag-erlebtes"],"_links":{"self":[{"href":"https:\/\/wortgarage.de\/blog\/wp-json\/wp\/v2\/posts\/1470","targetHints":{"allow":["GET"]}}],"collection":[{"href":"https:\/\/wortgarage.de\/blog\/wp-json\/wp\/v2\/posts"}],"about":[{"href":"https:\/\/wortgarage.de\/blog\/wp-json\/wp\/v2\/types\/post"}],"author":[{"embeddable":true,"href":"https:\/\/wortgarage.de\/blog\/wp-json\/wp\/v2\/users\/1"}],"replies":[{"embeddable":true,"href":"https:\/\/wortgarage.de\/blog\/wp-json\/wp\/v2\/comments?post=1470"}],"version-history":[{"count":10,"href":"https:\/\/wortgarage.de\/blog\/wp-json\/wp\/v2\/posts\/1470\/revisions"}],"predecessor-version":[{"id":1482,"href":"https:\/\/wortgarage.de\/blog\/wp-json\/wp\/v2\/posts\/1470\/revisions\/1482"}],"wp:attachment":[{"href":"https:\/\/wortgarage.de\/blog\/wp-json\/wp\/v2\/media?parent=1470"}],"wp:term":[{"taxonomy":"category","embeddable":true,"href":"https:\/\/wortgarage.de\/blog\/wp-json\/wp\/v2\/categories?post=1470"},{"taxonomy":"post_tag","embeddable":true,"href":"https:\/\/wortgarage.de\/blog\/wp-json\/wp\/v2\/tags?post=1470"}],"curies":[{"name":"wp","href":"https:\/\/api.w.org\/{rel}","templated":true}]}}