{"id":544,"date":"2025-03-13T17:52:23","date_gmt":"2025-03-13T16:52:23","guid":{"rendered":"https:\/\/wortgarage.de\/blog\/?p=544"},"modified":"2025-03-13T17:52:23","modified_gmt":"2025-03-13T16:52:23","slug":"kreuze-am-strassenrand","status":"publish","type":"post","link":"http:\/\/wortgarage.de\/blog\/2025\/03\/13\/kreuze-am-strassenrand\/","title":{"rendered":"Kreuze am Stra\u00dfenrand"},"content":{"rendered":"<p><img loading=\"lazy\" decoding=\"async\" src=\"http:\/\/wortgarage.de\/blog\/wp-content\/uploads\/2025\/03\/FB_IMG_1741884475587-1.jpg\" alt=\"\" width=\"720\" height=\"540\" class=\"alignnone size-full wp-image-543\" srcset=\"http:\/\/wortgarage.de\/blog\/wp-content\/uploads\/2025\/03\/FB_IMG_1741884475587-1.jpg 720w, http:\/\/wortgarage.de\/blog\/wp-content\/uploads\/2025\/03\/FB_IMG_1741884475587-1-300x225.jpg 300w, http:\/\/wortgarage.de\/blog\/wp-content\/uploads\/2025\/03\/FB_IMG_1741884475587-1-80x60.jpg 80w\" sizes=\"auto, (max-width: 720px) 100vw, 720px\" \/><\/p>\n<p>Kreuze am Stra\u00dfenrand<\/p>\n<p>Gem\u00fctlich f\u00fchrt mein Weg raus aus der Stadt.<br \/>\nKeine besondere Eile, will die Natur erleben.<br \/>\nZeit verschwenden, die man sonst nicht hat.<br \/>\nDem wochenendlichen Nichtstun erlegen.<\/p>\n<p>Wiesen, Felder und ab und zu ein Baum.<br \/>\nPassiere sanfte Kurven, am Tage ungef\u00e4hrlich.<br \/>\nNatur pur, wie in meinem Traum.<br \/>\nDie Kreuze am Rande f\u00fcr mich unerkl\u00e4rlich.<\/p>\n<p>Sie stehen \u00fcberall am Stra\u00dfenrand,<br \/>\nals wollten sie uns mahnen.<br \/>\nS\u00e4umen die Stra\u00dfen mit einem Trauerband,<br \/>\nerinnern an Menschen, die an diesem Orten umkamen.<\/p>\n<p>Hier der Junge mit dem tiefer gelegten Audi,<br \/>\nauf der R\u00fcckfahrt von der Disco im Alkoholrausch.<br \/>\nF\u00fcr ihn war das Leben immer nur Gaudi.<br \/>\nJetzt mit dem Tod sein unwiderruflicher Tausch.<\/p>\n<p>Zwei M\u00e4dchen nahm er mit auf seine Reise ohne Wiederkehr.<br \/>\nNur die Besten sterben jung, waren immer seine Worte.<br \/>\nKreuze am Stra\u00dfenrand schmerzen unserer Seele sehr.<br \/>\nSein Geschwindigkeitswahn war ihre Todeseskorte.<\/p>\n<p>Ich verlangsame immer mehr meine Fahrt.<br \/>\nMenschen Schicksale an diesen Alleen aneinander gereiht.<br \/>\nNur wenn diese weltliche Mobilit\u00e4t mit Vernunft gepaart,<br \/>\nentscheide jetzt, bist auch du dazu bereit?<\/p>\n<p>\u00a9 J\u00fcrgen R\u00fcstau <\/p>\n<p>Bild: J\u00fcrgen R\u00fcstau <\/p>\n","protected":false},"excerpt":{"rendered":"<p>Kreuze am Stra\u00dfenrand Gem\u00fctlich f\u00fchrt mein Weg raus aus der Stadt. Keine besondere Eile, will die Natur erleben. Zeit verschwenden, die man sonst nicht hat. Dem wochenendlichen Nichtstun erlegen. Wiesen, Felder und ab und zu ein Baum. Passiere sanfte Kurven, am Tage ungef\u00e4hrlich. Natur pur, wie in meinem Traum. Die Kreuze am Rande f\u00fcr mich [&hellip;]<\/p>\n","protected":false},"author":1,"featured_media":0,"comment_status":"open","ping_status":"open","sticky":false,"template":"","format":"standard","meta":{"_kadence_starter_templates_imported_post":false,"footnotes":""},"categories":[1],"tags":[8],"class_list":["post-544","post","type-post","status-publish","format-standard","hentry","category-allgemein","tag-gedichte"],"_links":{"self":[{"href":"http:\/\/wortgarage.de\/blog\/wp-json\/wp\/v2\/posts\/544","targetHints":{"allow":["GET"]}}],"collection":[{"href":"http:\/\/wortgarage.de\/blog\/wp-json\/wp\/v2\/posts"}],"about":[{"href":"http:\/\/wortgarage.de\/blog\/wp-json\/wp\/v2\/types\/post"}],"author":[{"embeddable":true,"href":"http:\/\/wortgarage.de\/blog\/wp-json\/wp\/v2\/users\/1"}],"replies":[{"embeddable":true,"href":"http:\/\/wortgarage.de\/blog\/wp-json\/wp\/v2\/comments?post=544"}],"version-history":[{"count":1,"href":"http:\/\/wortgarage.de\/blog\/wp-json\/wp\/v2\/posts\/544\/revisions"}],"predecessor-version":[{"id":545,"href":"http:\/\/wortgarage.de\/blog\/wp-json\/wp\/v2\/posts\/544\/revisions\/545"}],"wp:attachment":[{"href":"http:\/\/wortgarage.de\/blog\/wp-json\/wp\/v2\/media?parent=544"}],"wp:term":[{"taxonomy":"category","embeddable":true,"href":"http:\/\/wortgarage.de\/blog\/wp-json\/wp\/v2\/categories?post=544"},{"taxonomy":"post_tag","embeddable":true,"href":"http:\/\/wortgarage.de\/blog\/wp-json\/wp\/v2\/tags?post=544"}],"curies":[{"name":"wp","href":"https:\/\/api.w.org\/{rel}","templated":true}]}}