{"id":2425,"date":"2025-11-01T07:51:42","date_gmt":"2025-11-01T06:51:42","guid":{"rendered":"https:\/\/wortgarage.de\/blog\/?p=2425"},"modified":"2025-11-01T10:37:28","modified_gmt":"2025-11-01T09:37:28","slug":"thema-der-woche-ich-schreibe-taeglich-ein-elfchen-samstag","status":"publish","type":"post","link":"http:\/\/wortgarage.de\/blog\/2025\/11\/01\/thema-der-woche-ich-schreibe-taeglich-ein-elfchen-samstag\/","title":{"rendered":"Thema der Woche &#8211; Ich schreibe t\u00e4glich ein Elfchen: Samstag"},"content":{"rendered":"<p style=\"text-align: left;\">Was ist ein Elfchen?<\/p>\n<p>Ein Elfchen ist ein besonderes Gedicht. Es besteht auch aus elf W\u00f6rtern, daher der Name. Die elf W\u00f6rter stehen aber nicht einfach nebeneinander, sondern sind in f\u00fcnf Versen (Gedichtzeilen) angeordnet. Jede Zeile hat eine festgelegte Wortanzahl:<\/p>\n<p>1. Zeile: Ein Wort<\/p>\n<p>2. Zeile: Zwei W\u00f6rter<\/p>\n<p>3. Zeile: Drei W\u00f6rter<\/p>\n<p>4. Zeile: Vier W\u00f6rter<\/p>\n<p>5. Zeile: Ein Wort<\/p>\n<blockquote><p>&nbsp;<\/p><\/blockquote>\n<p>Von Montag (heute) bis zum Sonntag werde ich jeden Tag ein Elfchen verfassen und auf wortgarage.de ver\u00f6ffentlichen.<\/p>\n<p>&nbsp;<\/p>\n<p><img loading=\"lazy\" decoding=\"async\" class=\"alignnone size-full wp-image-2434\" src=\"http:\/\/wortgarage.de\/blog\/wp-content\/uploads\/2025\/11\/received_799256369618705.jpeg\" alt=\"\" width=\"564\" height=\"846\" srcset=\"http:\/\/wortgarage.de\/blog\/wp-content\/uploads\/2025\/11\/received_799256369618705.jpeg 564w, http:\/\/wortgarage.de\/blog\/wp-content\/uploads\/2025\/11\/received_799256369618705-200x300.jpeg 200w, http:\/\/wortgarage.de\/blog\/wp-content\/uploads\/2025\/11\/received_799256369618705-40x60.jpeg 40w\" sizes=\"auto, (max-width: 564px) 100vw, 564px\" \/><\/p>\n<p style=\"text-align: center;\"><strong>Ein Elfchen am Samstag:<\/strong><\/p>\n<p style=\"text-align: center;\"><strong>\u201eNovember<\/strong><\/p>\n<p style=\"text-align: center;\"><strong>Dunkle Zeit<\/strong><\/p>\n<p style=\"text-align: center;\"><strong>die heute beginnt<\/strong><\/p>\n<p style=\"text-align: center;\"><strong>am sch\u00f6nsten Tag dieser<\/strong><\/p>\n<p style=\"text-align: center;\"><strong>Woche&#8220;<\/strong><\/p>\n<p>&nbsp;<\/p>\n<p>Dein \u201eElfchen\u201c kannst Du gern in der Kommentarfunktion eintragen! Probiere es bitte<\/p>\n","protected":false},"excerpt":{"rendered":"<p>Was ist ein Elfchen? Ein Elfchen ist ein besonderes Gedicht. Es besteht auch aus elf W\u00f6rtern, daher der Name. Die elf W\u00f6rter stehen aber nicht einfach nebeneinander, sondern sind in f\u00fcnf Versen (Gedichtzeilen) angeordnet. Jede Zeile hat eine festgelegte Wortanzahl: 1. Zeile: Ein Wort 2. Zeile: Zwei W\u00f6rter 3. Zeile: Drei W\u00f6rter 4. Zeile: Vier [&hellip;]<\/p>\n","protected":false},"author":1,"featured_media":0,"comment_status":"open","ping_status":"open","sticky":false,"template":"","format":"standard","meta":{"_kadence_starter_templates_imported_post":false,"footnotes":""},"categories":[1],"tags":[62],"class_list":["post-2425","post","type-post","status-publish","format-standard","hentry","category-allgemein","tag-elfchen"],"_links":{"self":[{"href":"http:\/\/wortgarage.de\/blog\/wp-json\/wp\/v2\/posts\/2425","targetHints":{"allow":["GET"]}}],"collection":[{"href":"http:\/\/wortgarage.de\/blog\/wp-json\/wp\/v2\/posts"}],"about":[{"href":"http:\/\/wortgarage.de\/blog\/wp-json\/wp\/v2\/types\/post"}],"author":[{"embeddable":true,"href":"http:\/\/wortgarage.de\/blog\/wp-json\/wp\/v2\/users\/1"}],"replies":[{"embeddable":true,"href":"http:\/\/wortgarage.de\/blog\/wp-json\/wp\/v2\/comments?post=2425"}],"version-history":[{"count":4,"href":"http:\/\/wortgarage.de\/blog\/wp-json\/wp\/v2\/posts\/2425\/revisions"}],"predecessor-version":[{"id":2435,"href":"http:\/\/wortgarage.de\/blog\/wp-json\/wp\/v2\/posts\/2425\/revisions\/2435"}],"wp:attachment":[{"href":"http:\/\/wortgarage.de\/blog\/wp-json\/wp\/v2\/media?parent=2425"}],"wp:term":[{"taxonomy":"category","embeddable":true,"href":"http:\/\/wortgarage.de\/blog\/wp-json\/wp\/v2\/categories?post=2425"},{"taxonomy":"post_tag","embeddable":true,"href":"http:\/\/wortgarage.de\/blog\/wp-json\/wp\/v2\/tags?post=2425"}],"curies":[{"name":"wp","href":"https:\/\/api.w.org\/{rel}","templated":true}]}}