{"id":151,"date":"2025-03-08T08:21:53","date_gmt":"2025-03-08T07:21:53","guid":{"rendered":"http:\/\/wortgarage.de\/blog\/?p=151"},"modified":"2025-03-09T03:38:11","modified_gmt":"2025-03-09T02:38:11","slug":"musik-cafe","status":"publish","type":"post","link":"http:\/\/wortgarage.de\/blog\/2025\/03\/08\/musik-cafe\/","title":{"rendered":"Musik Caf\u00e9"},"content":{"rendered":"<p><img loading=\"lazy\" decoding=\"async\" class=\"alignnone size-full wp-image-152\" src=\"http:\/\/wortgarage.de\/blog\/wp-content\/uploads\/2025\/03\/FB_IMG_1741341724599-1.jpg\" alt=\"\" width=\"720\" height=\"744\" srcset=\"http:\/\/wortgarage.de\/blog\/wp-content\/uploads\/2025\/03\/FB_IMG_1741341724599-1.jpg 720w, http:\/\/wortgarage.de\/blog\/wp-content\/uploads\/2025\/03\/FB_IMG_1741341724599-1-290x300.jpg 290w\" sizes=\"auto, (max-width: 720px) 100vw, 720px\" \/><br \/>\nMeistens war der Freitag Abend im caf\u00e9 esprit der Live Musik gewidmet. Dazu traten Solok\u00fcnstler, wie auch Bands aus dem Amateurbereich wie auch professionelle K\u00fcnstler auf der kleinen B\u00fchne im Esprit auf.<\/p>\n<p><strong>Musikcaf\u00e9<\/strong><\/p>\n<p>Es ist Freitag Abend und ich bin von der Woche breit<br \/>\nBis zum Caf\u00e9 ist es nicht mehr weit<br \/>\nEs ist gef\u00fcllt, kein Platz mehr leer<br \/>\nGleich ist es um Neun und dann steppt hier der B\u00e4r<\/p>\n<p>Rauf auf den Hocker und einen Cocktail rein<br \/>\nOder auch am Tisch ein Glas vom leckeren Wein<br \/>\nDie Mugge geht los und ab geht die Reise<br \/>\nJeder im esprit feiert dann auf seine Weise<\/p>\n<p>Mitternacht ist vor\u00fcber, jetzt geht es richtig los<br \/>\nVom Singen ganz heiser, kleine Stimme ganz gro\u00df<br \/>\nMir gegen\u00fcber sitzt eine Frau, welche bestimmt gleich bricht<br \/>\nNeben ihr der Willi, der \u00fcber allerlei Unsinn spricht<\/p>\n<p>Paul hat sich gerade was \u00fcber die Hose gegossen<br \/>\nWenn Willi so weitermacht kriegt er von der Wirtin eine geschossen<br \/>\nDer Abend und die Mugge waren ganz toll<br \/>\nIch glaube der Willi ist jetzt so richtig voll<\/p>\n<p>Das Musikcafe habe ich wie immer so richtig genossen<br \/>\nAlle, au\u00dfer Willi wollen gehen und die T\u00fcr wird verschlossen<br \/>\nAm kommenden Freitag ist es wieder soweit<br \/>\nAb Neun ist im esprit endlich wieder Musikcafezeit.<\/p>\n<p>\u00a9 J\u00fcrgen R\u00fcstau<\/p>\n","protected":false},"excerpt":{"rendered":"<p>Meistens war der Freitag Abend im caf\u00e9 esprit der Live Musik gewidmet. Dazu traten Solok\u00fcnstler, wie auch Bands aus dem Amateurbereich wie auch professionelle K\u00fcnstler auf der kleinen B\u00fchne im Esprit auf. Musikcaf\u00e9 Es ist Freitag Abend und ich bin von der Woche breit Bis zum Caf\u00e9 ist es nicht mehr weit Es ist gef\u00fcllt, [&hellip;]<\/p>\n","protected":false},"author":1,"featured_media":0,"comment_status":"open","ping_status":"open","sticky":false,"template":"","format":"standard","meta":{"_kadence_starter_templates_imported_post":false,"footnotes":""},"categories":[4],"tags":[9],"class_list":["post-151","post","type-post","status-publish","format-standard","hentry","category-cafe-esprit-2005-bis-2017","tag-erinnerungen"],"_links":{"self":[{"href":"http:\/\/wortgarage.de\/blog\/wp-json\/wp\/v2\/posts\/151","targetHints":{"allow":["GET"]}}],"collection":[{"href":"http:\/\/wortgarage.de\/blog\/wp-json\/wp\/v2\/posts"}],"about":[{"href":"http:\/\/wortgarage.de\/blog\/wp-json\/wp\/v2\/types\/post"}],"author":[{"embeddable":true,"href":"http:\/\/wortgarage.de\/blog\/wp-json\/wp\/v2\/users\/1"}],"replies":[{"embeddable":true,"href":"http:\/\/wortgarage.de\/blog\/wp-json\/wp\/v2\/comments?post=151"}],"version-history":[{"count":5,"href":"http:\/\/wortgarage.de\/blog\/wp-json\/wp\/v2\/posts\/151\/revisions"}],"predecessor-version":[{"id":159,"href":"http:\/\/wortgarage.de\/blog\/wp-json\/wp\/v2\/posts\/151\/revisions\/159"}],"wp:attachment":[{"href":"http:\/\/wortgarage.de\/blog\/wp-json\/wp\/v2\/media?parent=151"}],"wp:term":[{"taxonomy":"category","embeddable":true,"href":"http:\/\/wortgarage.de\/blog\/wp-json\/wp\/v2\/categories?post=151"},{"taxonomy":"post_tag","embeddable":true,"href":"http:\/\/wortgarage.de\/blog\/wp-json\/wp\/v2\/tags?post=151"}],"curies":[{"name":"wp","href":"https:\/\/api.w.org\/{rel}","templated":true}]}}